{"id":385891,"date":"2022-07-14T06:30:00","date_gmt":"2022-07-14T04:30:00","guid":{"rendered":"https:\/\/innovationorigins.com\/?p=385891"},"modified":"2022-07-14T06:30:00","modified_gmt":"2022-07-14T04:30:00","slug":"food-waste-separation-can-be-done-with-little-investments-thats-what-a-lithuanian-city-is-showing","status":"publish","type":"post","link":"https:\/\/ioplus.nl\/archive\/en\/food-waste-separation-can-be-done-with-little-investments-thats-what-a-lithuanian-city-is-showing\/","title":{"rendered":"Food waste separation can be done with minor investment &#8211; that\u2019s what a Lithuanian city is showing\u00a0"},"content":{"rendered":"\n<div class=\"wp-block-ugb-button ugb-button-wrapper ugb-ea82b54 ugb-button--design-spread ugb-main-block\"><div class=\"ugb-inner-block\"><div class=\"ugb-block-content\"><div class=\"ugb-button-container\"><a class=\"ugb-button1 ugb-button ugb-button--size-normal\" href=\"https:\/\/innovationorigins.com\/en\/decarbonizing-europe\/\/\" rel=\"\" title=\"\"><span class=\"ugb-button--inner\">Read more about the countries in this project<\/span><\/a><\/div><div class=\"ugb-button-container\"><a class=\"ugb-button2 ugb-button ugb-button--size-normal\" href=\"https:\/\/innovationorigins.com\/en\/decarbonizing-europe-lithuania\/\" rel=\"\" title=\"\"><span class=\"ugb-button--inner\">More about Lithuania<\/span><\/a><\/div><\/div><\/div><\/div>\n\n\n\n\n\n<p>Separating food waste is a relatively new practice in Lithuania. Dealing with it is one of the hardest tasks for municipalities &#8211; particularly in the early stages.&nbsp;Since 2019, as per the national waste management plan, cities with over 50,000 inhabitants were required to start implementing a separate collection system for this waste.&nbsp;<\/p>\n\n\n\n<p>Recycling food waste is also essential in order to reduce emissions. Burying organic trash in landfills emits methane &#8211; one of the most hazardous greenhouse gases in the atmosphere.&nbsp;<\/p>\n\n\n\n<p>Measurements from <a href=\"https:\/\/ec.europa.eu\/eurostat\/databrowser\/view\/sdg_11_60\/default\/table\">Eurostat<\/a> show the progress Lithuania has made in recycling municipal waste. From no recycling in 2004, the Baltic state reached a 45 percent level in 2020. While separation works in several West European countries, the same can\u2019t be said about the eastern states, where it is still taking the first steps. Giving new life to organic waste is also one of the courses of actions to be taken.&nbsp;<\/p>\n\n\n\n<p>\u201cMunicipalities tend to be resistant. Such a transition doesn\u2019t only entail investment in equipment and infrastructure, but a lot of work needs to done on changing people\u2019s habits too,\u201d explains Domantas Tracevi\u010dius from <a href=\"http:\/\/www.circulareconomy.lt\">V\u0161\u012e \u017diedin\u0117 ekonomika<\/a> &#8211; a circular economy NGO.&nbsp;<\/p>\n\n\n<div class=\"vlp-link-container vlp-layout-basic wp-block-visual-link-preview-link\"><a href=\"https:\/\/ioplus.nl\/archive\/en\/scanner-against-food-waste-can-help-curb-co2-emissions\/\" class=\"vlp-link\" title=\"Scanner against food waste can help curb CO2 emissions\"><\/a><div class=\"vlp-layout-zone-side\"><div class=\"vlp-block-2 vlp-link-image\"><\/div><\/div><div class=\"vlp-layout-zone-main\"><div class=\"vlp-block-0 vlp-link-title\">Scanner against food waste can help curb CO2 emissions<\/div><div class=\"vlp-block-1 vlp-link-summary\">In the fight against food waste, a scanner developed by start-up OneThird can help predict the shelf life of fruit and vegetables. <\/div><\/div><\/div>\n\n\n<h3 class=\"wp-block-heading\"><strong>Adapting facilities<\/strong><\/h3>\n\n\n\n<p>Six cities were involved in this first phase of the initiative, with Alytus &#8211; the smallest of them &#8211; becoming a model for the bigger ones as well as other towns outside of the country that still have to undergo the transition.&nbsp;<\/p>\n\n\n\n<p>\u201cWhat they did is very simple. Their Microbiological Treatment Plant &#8211; MBT &#8211; was new, and instead of building a new plant, they simply retrofitted it, adopting the existing equipment to separate waste, \u201d says Tracevi\u010dius.\u00a0<\/p>\n\n\n\n<div class=\"wp-block-io-blocks-bio io-block io-block__bio\"><figure><img decoding=\"async\" class=\"io-block__bio-image\" src=\"https:\/\/archive.ioplus.nl\/wp-content\/uploads\/2022\/06\/domantas-tracevicius-DELFI_foto.jpg\" alt=\"domantas-tracevicius\"\/><figcaption><\/figcaption><\/figure><div><h3 class=\"io-block__bio-name\">Domantas Tracevi\u010dius<\/h3><h4 class=\"io-block__bio-position\">Waste management and circular economy expert<\/h4><p class=\"io-block__bio-description\">He founded the climate NGO V\u0161\u012e &#8220;\u017diedin\u0117 ekonomika&#8221;. <\/p><\/div><\/div>\n\n\n\n<p>In his opinion, that\u2019s the way that could help other small municipalities to transition. \u201cIt is just a matter of adding some tunnels for collecting this kind of waste separately. I personally advocated for this solution and the government gave it consideration, as now it is in its implementation phase,\u201d he adds.&nbsp;<\/p>\n\n\n\n<p>The Lithuanian government embarked on a plan for an investment project, with funding &#8211; up to five million euros per plant &#8211; for upgrading the facilities, depending on the size and the amount of waste they can process.&nbsp;<\/p>\n\n\n\n<h3 class=\"wp-block-heading\"><strong>How is food waste processed?&nbsp;<\/strong><\/h3>\n\n\n\n<p>Biological treatment facilities can manage waste in two ways, either by composting it or by <em>anaerobic digestion<\/em>. This latter process comprising compressing waste in a container with no oxygen. This way, waste is broken down by microorganisms; the remaining substance can be reused as fertilizer. What&#8217;s more, methane emissions can be captured to generate biogas that can be used as a source of energy. Processing this waste is thus a key aspect to shifting towards a circular economy model.<\/p>\n\n\n\n<div class=\"flourish-embed flourish-chart\" data-src=\"visualisation\/10611645\"><script src=\"https:\/\/public.flourish.studio\/resources\/embed.js\"><\/script><\/div>\n\n\n\n<p>In addition to that, regulation can help too. Tracevi\u010dius: \u201cDerogating from animal byproduct regulations helps. It states that this waste must be treated &#8211; at a 70 degrees C temperature &#8211; for one hour and shredded to 12 millimeters.&nbsp; The heating part is energy-intensive and technologically difficult. As a result, several countries, including Germany and Austria, heat at lower temperatures. Italy applies 55 degrees C for three days.\u201d<\/p>\n\n\n\n<p>Despite a lower temperature, the results are the same. According to the <a href=\"https:\/\/www.compostnetwork.info\/\">European Compost Network<\/a>, 55 degrees C is enough to kill bacteria. This means that waste treatment facilities do not have to invest in expensive equipment for heating. Less infrastructure also leads to fewer costs in the bills of local citizens.&nbsp;&nbsp;<\/p>\n\n\n<div class=\"vlp-link-container vlp-layout-basic wp-block-visual-link-preview-link\"><a href=\"https:\/\/ioplus.nl\/archive\/en\/new-waste-law-must-end-spanish-more-trash-more-cash-waste-system\/\" class=\"vlp-link\" title=\"New waste law must end Spanish &#039;more trash, more cash&#039; waste system\"><\/a><div class=\"vlp-layout-zone-side\"><div class=\"vlp-block-2 vlp-link-image\"><\/div><\/div><div class=\"vlp-layout-zone-main\"><div class=\"vlp-block-0 vlp-link-title\">New waste law must end Spanish &#8216;more trash, more cash&#8217; waste system<\/div><div class=\"vlp-block-1 vlp-link-summary\">Spain is grappling with an ever-growing mountain of waste, 64 percent of which is plastic in terms of weight. Every year in this country, they go through 5 billion plastic straws, 1.5 billion disposable coffee cups and 207 million disposable packaging containers.<\/div><\/div><\/div>\n\n\n<h3 class=\"wp-block-heading\"><strong>Results from Alytus<\/strong><\/h3>\n\n\n\n<p>Alytus invested just under a million euros to buy a new shredder and two sieves &#8211; which are capable of separating organic fractions from the tiny residual microplastics. In 2018, the country had to deal with 37,000 tonnes of residual waste. Three years later, the amount was 6 thousand tonnes lower &#8211; 4.5 thousand tonnes of food waste was separated by the new plant. The overall amount of waste was also teduced.&nbsp;&nbsp;<\/p>\n\n\n\n<div class=\"wp-block-image\"><figure class=\"aligncenter size-large is-resized\"><img loading=\"lazy\" decoding=\"async\" src=\"https:\/\/archive.ioplus.nl\/wp-content\/uploads\/2022\/07\/image1-1004x753.jpg\" alt=\"\" class=\"wp-image-386127\" width=\"540\" height=\"405\"\/><figcaption>One of the sieves operating at the Alytus plant &#8211; \u00a9 Domantas Tracevi\u010dius<\/figcaption><\/figure><\/div>\n\n\n\n<p>\u201cSeparate collection of food waste also motivates people to sort it all out.&nbsp; Food waste is the most difficult chore given that separating packaging gets rather easy. Organic food waste might contain moisture, tends to stink, and so on. When citizens understand how to manage this kind of waste, then they commit to sorting out other waste better as well. It has a spillover effect, which produces less waste in total,\u201d Tracevi\u010dius stresses.&nbsp;<\/p>\n\n\n<div class=\"vlp-link-container vlp-layout-basic wp-block-visual-link-preview-link\"><a href=\"https:\/\/ioplus.nl\/archive\/en\/plastics-cluster-in-the-northern-netherlands-is-pressing-ahead-with-circular-plastic-chain\/\" class=\"vlp-link\" title=\"Plastics cluster in the northern Netherlands is pressing ahead with circular plastics chain\"><\/a><div class=\"vlp-layout-zone-side\"><div class=\"vlp-block-2 vlp-link-image\"><\/div><\/div><div class=\"vlp-layout-zone-main\"><div class=\"vlp-block-0 vlp-link-title\">Plastics cluster in the northern Netherlands is pressing ahead with circular plastics chain<\/div><div class=\"vlp-block-1 vlp-link-summary\">Anyone who hands in a few used plastic PET bottles at the collection machine in a supermarket might easily think that we in the Netherlands are doing well when it comes to recycling plastics. That falls short in practice, because a large proportion of these bottles cannot be reused yet.<\/div><\/div><\/div>\n\n\n<h3 class=\"wp-block-heading\"><strong>A model for export&nbsp;<\/strong><\/h3>\n\n\n\n<p>What the circular economy expert advocates for is to follow the example of Alytus in other parts of the country too. \u201cWhat matters here is the transformation of infrastructure. With just one million euros, there is the chance to reconvert the plant into one that can handle two types of waste flows. As in, the biological part from the residual waste &#8211; that can still guarantee that some biogas is produced &#8211; and the processing of organic waste too,\u201d he adds.&nbsp;<\/p>\n\n\n\n<p>As more MBT plants are built in Eastern European countries, it is hoped that the Alytus model can be exported abroad as well.<\/p>\n<style class=\"advgb-styles-renderer\">.ugb-ea82b54 .ugb-block-content .ugb-button{border-radius:3px}.ugb-ea82b54 .ugb-button1{background-color:#063b6d;border-radius:3px !important}.ugb-ea82b54 .ugb-button1 .ugb-button--inner,.ugb-ea82b54 .ugb-button1 svg:not(.ugb-custom-icon){color:#ffffff !important}.ugb-ea82b54 .ugb-button1:hover .ugb-button--inner,.ugb-ea82b54 .ugb-button1:hover svg:not(.ugb-custom-icon){color:#ffffff !important}.ugb-ea82b54 .ugb-button1:hover{background-color:#002d57;opacity:1}.ugb-ea82b54 .ugb-button1:before{border-radius:3px !important}.ugb-ea82b54 .ugb-button2{background-color:#063b6d;border-radius:3px !important}.ugb-ea82b54 .ugb-button2 .ugb-button--inner,.ugb-ea82b54 .ugb-button2 svg:not(.ugb-custom-icon){color:#ffffff !important}.ugb-ea82b54 .ugb-button2:hover .ugb-button--inner,.ugb-ea82b54 .ugb-button2:hover svg:not(.ugb-custom-icon){color:#ffffff !important}.ugb-ea82b54 .ugb-button2:hover{background-color:#002d57;opacity:1}.ugb-ea82b54 .ugb-button2:before{border-radius:3px !important}@media screen and (min-width:768px){.ugb-ea82b54.ugb-button-wrapper{margin-top:0px !important;margin-bottom:-20px !important;margin-right:0px !important;margin-left:0px !important;padding-top:0px !important;padding-right:0px !important;padding-bottom:0px !important;padding-left:0px !important}}<\/style>","protected":false},"excerpt":{"rendered":"<p>Separating food waste is a relatively new practice in Lithuania. Dealing with it is one of the hardest tasks for municipalities &#8211; particularly in the early stages.&nbsp;Since 2019, as per the national waste management plan, cities with over 50,000 inhabitants were required to start implementing a separate collection system for this waste.&nbsp; Recycling food waste [&hellip;]<\/p>\n","protected":false},"author":2084,"featured_media":516677,"comment_status":"open","ping_status":"closed","sticky":false,"template":"views\/single-decarb.blade.php","format":"standard","meta":{"_acf_changed":false,"advgb_blocks_editor_width":"","advgb_blocks_columns_visual_guide":"","footnotes":""},"categories":[67910],"tags":[46653,71964,69698,67913,72062,72065],"location":[71966],"article_type":[43139],"serie":[],"archives":[67912],"internal_archives":[],"reboot-archive":[],"class_list":["post-385891","post","type-post","status-publish","format-standard","has-post-thumbnail","hentry","category-decarbonizing-europe","tag-afvalverwerking","tag-decarb-lithuania","tag-decarbonizing-europe-2","tag-decarbonizingeurope","tag-food-waste-2","tag-recycling-plants","location-lithuania","article_type-features","archives-decarbonizing-europe"],"blocksy_meta":[],"acf":{"subtitle":"Sorting of food waste is also starting to kick off in eastern European countries. A Lithuanian city is proving that the switch to this practice doesn\u2019t necessarily entail investing a lot of money.","text_display_homepage":false},"author_meta":{"display_name":"Mauro Mereu","author_link":"https:\/\/ioplus.nl\/archive\/author\/mauro-mereu\/"},"featured_img":"https:\/\/ioplus.nl\/archive\/wp-content\/uploads\/2022\/07\/pexels-gareth-willey-7052434-scaled.jpg","coauthors":[],"tax_additional":{"categories":{"linked":["<a href=\"https:\/\/ioplus.nl\/archive\/en\/category\/decarbonizing-europe\/\" class=\"advgb-post-tax-term\">Decarbonizing Europe<\/a>"],"unlinked":["<span class=\"advgb-post-tax-term\">Decarbonizing Europe<\/span>"]},"tags":{"linked":["<a href=\"https:\/\/ioplus.nl\/archive\/en\/category\/decarbonizing-europe\/\" class=\"advgb-post-tax-term\">Afvalverwerking<\/a>","<a href=\"https:\/\/ioplus.nl\/archive\/en\/category\/decarbonizing-europe\/\" class=\"advgb-post-tax-term\">decarb-Lithuania<\/a>","<a href=\"https:\/\/ioplus.nl\/archive\/en\/category\/decarbonizing-europe\/\" class=\"advgb-post-tax-term\">decarbonizing europe<\/a>","<a href=\"https:\/\/ioplus.nl\/archive\/en\/category\/decarbonizing-europe\/\" class=\"advgb-post-tax-term\">DecarbonizingEurope<\/a>","<a href=\"https:\/\/ioplus.nl\/archive\/en\/category\/decarbonizing-europe\/\" class=\"advgb-post-tax-term\">food waste<\/a>","<a href=\"https:\/\/ioplus.nl\/archive\/en\/category\/decarbonizing-europe\/\" class=\"advgb-post-tax-term\">recycling plants<\/a>"],"unlinked":["<span class=\"advgb-post-tax-term\">Afvalverwerking<\/span>","<span class=\"advgb-post-tax-term\">decarb-Lithuania<\/span>","<span class=\"advgb-post-tax-term\">decarbonizing europe<\/span>","<span class=\"advgb-post-tax-term\">DecarbonizingEurope<\/span>","<span class=\"advgb-post-tax-term\">food waste<\/span>","<span class=\"advgb-post-tax-term\">recycling plants<\/span>"]}},"comment_count":"0","relative_dates":{"created":"Posted 4 years ago","modified":"Updated 4 years ago"},"absolute_dates":{"created":"Posted on July 14, 2022","modified":"Updated on July 14, 2022"},"absolute_dates_time":{"created":"Posted on July 14, 2022 6:30 am","modified":"Updated on July 14, 2022 6:30 am"},"featured_img_caption":"","series_order":"","_links":{"self":[{"href":"https:\/\/ioplus.nl\/archive\/wp-json\/wp\/v2\/posts\/385891","targetHints":{"allow":["GET"]}}],"collection":[{"href":"https:\/\/ioplus.nl\/archive\/wp-json\/wp\/v2\/posts"}],"about":[{"href":"https:\/\/ioplus.nl\/archive\/wp-json\/wp\/v2\/types\/post"}],"author":[{"embeddable":true,"href":"https:\/\/ioplus.nl\/archive\/wp-json\/wp\/v2\/users\/2084"}],"replies":[{"embeddable":true,"href":"https:\/\/ioplus.nl\/archive\/wp-json\/wp\/v2\/comments?post=385891"}],"version-history":[{"count":0,"href":"https:\/\/ioplus.nl\/archive\/wp-json\/wp\/v2\/posts\/385891\/revisions"}],"wp:featuredmedia":[{"embeddable":true,"href":"https:\/\/ioplus.nl\/archive\/wp-json\/wp\/v2\/media\/516677"}],"wp:attachment":[{"href":"https:\/\/ioplus.nl\/archive\/wp-json\/wp\/v2\/media?parent=385891"}],"wp:term":[{"taxonomy":"category","embeddable":true,"href":"https:\/\/ioplus.nl\/archive\/wp-json\/wp\/v2\/categories?post=385891"},{"taxonomy":"post_tag","embeddable":true,"href":"https:\/\/ioplus.nl\/archive\/wp-json\/wp\/v2\/tags?post=385891"},{"taxonomy":"location","embeddable":true,"href":"https:\/\/ioplus.nl\/archive\/wp-json\/wp\/v2\/location?post=385891"},{"taxonomy":"article_type","embeddable":true,"href":"https:\/\/ioplus.nl\/archive\/wp-json\/wp\/v2\/article_type?post=385891"},{"taxonomy":"serie","embeddable":true,"href":"https:\/\/ioplus.nl\/archive\/wp-json\/wp\/v2\/serie?post=385891"},{"taxonomy":"archives","embeddable":true,"href":"https:\/\/ioplus.nl\/archive\/wp-json\/wp\/v2\/archives?post=385891"},{"taxonomy":"internal_archives","embeddable":true,"href":"https:\/\/ioplus.nl\/archive\/wp-json\/wp\/v2\/internal_archives?post=385891"},{"taxonomy":"reboot-archive","embeddable":true,"href":"https:\/\/ioplus.nl\/archive\/wp-json\/wp\/v2\/reboot-archive?post=385891"}],"curies":[{"name":"wp","href":"https:\/\/api.w.org\/{rel}","templated":true}]}}