{"id":195356,"date":"2019-11-11T08:00:36","date_gmt":"2019-11-11T07:00:36","guid":{"rendered":"https:\/\/innovationorigins.com\/?p=195356"},"modified":"2019-11-11T08:00:36","modified_gmt":"2019-11-11T07:00:36","slug":"globale-erwaermung-gefaehrdet-die-funktion-des-waldes-als-kohlenstoffdioxid-speicher","status":"publish","type":"post","link":"https:\/\/ioplus.nl\/archive\/de\/globale-erwaermung-gefaehrdet-die-funktion-des-waldes-als-kohlenstoffdioxid-speicher\/","title":{"rendered":"Globale Erw\u00e4rmung gef\u00e4hrdet die Funktion des Waldes als Kohlenstoffdioxid-Speicher"},"content":{"rendered":"<p>Der Wald spielt eine wichtige Rolle in den Klimazielen des Pariser Abkommens. Wald und Holzprodukte speichern das Klimagas Kohlenstoffdioxid. Mit der globalen Erw\u00e4rmung sinken Speicherkapazit\u00e4t und Produktivit\u00e4t des Waldes.<\/p>\n<p>In Wien schlossen sich Vertreter mehrerer Organisationen zum Projekt <em>Careforparis<\/em> zusammen. Ihr Ziel ist es, die Speicherkapazit\u00e4t und Produktivit\u00e4t des \u00f6sterreichischen Waldes gleicherma\u00dfen zu erhalten. Um dies zu gew\u00e4hrleisten, wurden die Zukunftsszenarien der Treibhausgas-Entwicklung bis ins Jahr 2150 modelliert.<\/p>\n<p>Schwerpunkte des Projekts sind<\/p>\n<ul>\n<li>die Treibhausgasbilanz des Waldes;<\/li>\n<li>die Treibhausgasbilanz von Holzprodukten;<\/li>\n<li>die Vermeidung von Treibhausgas-Emissionen durch den Einsatz von Holzprodukten;<\/li>\n<\/ul>\n<p>In einem sozio-\u00f6konomischen Teil wurden Vorschl\u00e4ge zur Anpassung der politischen, rechtlichen und gesellschaftlichen Rahmenbedingungen in \u00d6sterreich in Richtung einer Treibhausgas-optimierten Waldbewirtschaftung und Holznutzung erarbeitet.<\/p>\n<h3>Wald als Klima- und Wirtschaftsfaktor<\/h3>\n<p>Das Anliegen ist von gro\u00dfer Bedeutung: In \u00d6sterreich sind knapp 50 Prozent des Staatsgebiets mit Wald bedeckt. Mehr als zwei Drittel davon sind Nadelwald. Die Forstwirtschaft z\u00e4hlt zu den \u00f6konomischen Schl\u00fcsselfaktoren. Bis jetzt w\u00e4chst um 30\u00a0Prozent mehr Holz nach, als verbraucht und durch Wind und Wild gesch\u00e4digt wird. Im Bundesforschungszentrum Wald prognostiziert man, dass \u00d6sterreichs W\u00e4lder f\u00fcr die kommenden 30 bis 100 Jahre eine CO2-Senke bleiben werden. Danach zeigen die Szenarien ein kontr\u00e4res Bild: Der Wald wird zur Kohlenstoffquelle, das hei\u00dft, CO2-Emissionen werden vom Wald in die Atmosph\u00e4re getragen.<\/p>\n<h3>Holzprodukte als Kohlenstoffdioxid-Speicher<\/h3>\n<p>Auch die \u00f6konomische Nutzung der W\u00e4lder kann einen positiven Klimaeffekt haben: Werden W\u00e4lder nachhaltig und naturnah bewirtschaftet, wird das vom Baum gebundene Kohlendioxid als Kohlenstoff im Holzk\u00f6rper gespeichert. Wenn dieses Holz gef\u00e4llt und zum Beispiel zu Holzbauwerken verarbeitet wird, so wird das Kohlenstoffdioxid 50 Jahre und l\u00e4nger gespeichert.<\/p>\n<h3>Positiver Klimaeffekt des Wald- und Holzsektors gef\u00e4hrdet<\/h3>\n<p>In der Vergangenheit gelang es, die Nutzung des erneuerbaren Rohstoffs Holz zu steigern. Gleichzeitig konnte der Kohlenstoffvorrat in den W\u00e4ldern stetig erh\u00f6ht werden. Wird die globale Erw\u00e4rmung nicht, wie im Pariser Klimaschutzabkommen beschlossen, auf unter zwei Grad Celsius begrenzt, ist der Beitrag des \u00f6sterreichischen Waldes zum Klimaschutz gef\u00e4hrdet. H\u00f6here Temperaturen und dadurch erforderliche Anpassungsma\u00dfnahmen im Wald k\u00f6nnen die Senkenwirkung des Waldes und Holzsektors deutlich beeinflussen.<\/p>\n<h3>Investition in langfristige Holzprodukte<\/h3>\n<p>Langlebige Holzprodukte stellen einen zus\u00e4tzlichen Kohlenstoff-Speicher dar. Diese Speicherkapazit\u00e4t wird sich allerdings sukzessive verringern. Durch<\/p>\n<ul>\n<li>begrenzte Einsatzm\u00f6glichkeiten;<\/li>\n<li>begrenzte Produktlebensdauer;<\/li>\n<li>begrenztes Rohstoffangebot;<\/li>\n<\/ul>\n<p>Das Konsortium <em>Careforparis<\/em> fordert daher, in langlebige Holzprodukte zu investieren.<\/p>\n<p>Die notwendigen Anpassungsma\u00dfnahmen werden auch die wirtschaftlichen Ertr\u00e4ge aus dem Rohstoff Holz beeintr\u00e4chtigen. Geht weniger Holz in die industrielle Produktion ein, steigert dies den Einsatz von fossilen Rohstoffen &#8211; und die Emissionen von fossilem Kohlenstoff in die Atmosph\u00e4re. Die Treibhausbilanz des Waldes k\u00f6nnte zuk\u00fcnftig also deutlich schlechter ausfallen.<\/p>\n<h3>Holz statt fossiler Rohstoffe<\/h3>\n<p>Im \u00f6sterreichischen Umweltbundesamt pl\u00e4diert man daf\u00fcr, fossile Rohstoffe durch Holz zu ersetzen. Holzprodukte haben einen kleineren Kohlenstoff-Fu\u00dfabdruck als Ersatzprodukte aus anderen Rohstoffen und dadurch k\u00f6nnen Emissionen vermieden werden. Daraus ergibt sich \u00fcber den gesamten Simulationszeitraum 2020 bis 2150 ein dauerhaft positiver Effekt auf die Treibhausgas-Bilanz. Auch dann, wenn der Wald zur Kohlenstoffquelle wird.<\/p>\n<h3>Entwicklung neuer Technologien<\/h3>\n<p>In Anpassung an die globale Erw\u00e4rmung werden reine Nadelholzbest\u00e4nde in Mischbest\u00e4nde umgewandelt und vermehrt Laubh\u00f6lzer eingebracht werden. Das ist ein Trend, der sich schon jetzt zeigt, merkt man seitens der <em>Universit\u00e4t f\u00fcr Bodenkultur (BOKU) Wien<\/em>, an.<\/p>\n<p>Dieser Trend hat weitreichende Wirkung und erfordert eine Anpassung der gesamten Wertsch\u00f6pfungskette. Die \u00f6sterreichische Holzindustrie muss sich auf die Verarbeitung von Laubholz und die Entwicklung von neuen innovativen Holzprodukten einstellen. Um wettbewerbsf\u00e4hig zu bleiben, gilt es, neue durchschlagende Technologien zu entwickeln.<\/p>\n<p>Besondere St\u00e4rkefelder \u00d6sterreichs sind<\/p>\n<ul>\n<li>die Papier- und Zellstoffindustrie;<\/li>\n<li>der Bau- und Holzsektor;<\/li>\n<li>einige Sektoren der chemischen Grundstoffindustrie;<\/li>\n<\/ul>\n<p>In der Papier- und Zellstoffindustrie sind vor allem neue Produkte aus Abf\u00e4llen und Nebenprodukten gesucht.<\/p>\n<p>Ein Beispiel f\u00fcr ein neues, innovatives Produkt w\u00e4re zum Beispiel das Lignin aus dem Holz. Dieses wurde bisher in vorwiegend als Brennstoff eingesetzt. An der BOKU Wien forscht man an neuen ligninbasierten Produkten wie zum Beispiel Kleber, Parf\u00fcms, Pharmazeutika und Kosmetika.<\/p>\n<h3>Enormer Klimaeffekt durch Holzverwendung<\/h3>\n<p>Der positive Klimaeffekt der Holzverwendung kann nicht \u00fcbersch\u00e4tzt werden. Der Beitrag der Speichereffekte wird in einem Szenario mit moderater Erw\u00e4rmung doppelt so hoch eingesch\u00e4tzt, wie jener der Waldsenke (Quelle: Umweltbundesamt). Wird weniger Holz genutzt, stelle der Wald eine st\u00e4rkere Kohlenstoffsenke dar. Dies gelte allerdings nur f\u00fcr einen beschr\u00e4nkten Zeitraum. Wenn im Gegenzug allerdings mehr fossile Rohstoffe verwendet werden, falle die Gesamtbilanz schlechter aus.<\/p>\n<p>F\u00fcr alle Mitglieder des Konsortiums ist die Einhaltung des <em><a href=\"https:\/\/ec.europa.eu\/clima\/policies\/international\/negotiations\/paris_de\">Pariser \u00dcbereinkommen<\/a>s<\/em> verpflichtend. Nur wenn die globale Erw\u00e4rmung unter zwei Grad Celsius bleibt, kann der Wald langfristig einen Beitrag zum Klima leisten.<\/p>\n<p>Die Teilnehmer des Projekts Careforparis sind die Universit\u00e4t f\u00fcr Bodenkultur (<a href=\"https:\/\/boku.ac.at\/\">BOKU<\/a>) Wien, das <a href=\"https:\/\/www.umweltbundesamt.at\/\">Umweltbundesamt<\/a>, das Bundesforschungszentrum f\u00fcr Wald (<a href=\"https:\/\/bfw.ac.at\/\">BFW<\/a>) und die Forschungsreinrichtung <a href=\"https:\/\/wood-kplus.at\/de\">WOOD K PLUS<\/a>. Die Ergebnisse wurden am 23. Oktober 2019 an der Universit\u00e4t f\u00fcr Bodenkultur Wien pr\u00e4sentiert.<\/p>\n<p><strong>Auch interessant:<\/strong><\/p>\n<p class=\"entry-title\"><a href=\"https:\/\/innovationorigins.com\/de\/189384-2\/\">Warum der Klimawandel Auswirkungen auf die Wasserverf\u00fcgbarkeit hat<\/a><\/p>\n<p class=\"entry-title\"><a href=\"https:\/\/innovationorigins.com\/de\/185391-2\/\">Umwelt- und Sozialwissenschaft wichtige Aspekte der Bio\u00f6konomie<\/a><\/p>\n<p class=\"entry-title\"><a href=\"https:\/\/innovationorigins.com\/de\/interdisziplinaeres-doktorats-kolleg-will-smart-farming-auf-oekologischer-basis-entwickeln\/\">Interdisziplin\u00e4res Doktorats-Kolleg will Smart Farming auf \u00f6kologischer Basis entwickeln<\/a><\/p>\n<p>&nbsp;<\/p>\n","protected":false},"excerpt":{"rendered":"<p>Der Wald spielt eine wichtige Rolle in den Klimazielen des Pariser Abkommens. Wald und Holzprodukte speichern das Klimagas Kohlenstoffdioxid. Mit der globalen Erw\u00e4rmung sinken Speicherkapazit\u00e4t und Produktivit\u00e4t des Waldes. In Wien schlossen sich Vertreter mehrerer Organisationen zum Projekt Careforparis zusammen. Ihr Ziel ist es, die Speicherkapazit\u00e4t und Produktivit\u00e4t des \u00f6sterreichischen Waldes gleicherma\u00dfen zu erhalten. Um [&hellip;]<\/p>\n","protected":false},"author":1688,"featured_media":507823,"comment_status":"open","ping_status":"closed","sticky":false,"template":"","format":"standard","meta":{"_acf_changed":false,"advgb_blocks_editor_width":"","advgb_blocks_columns_visual_guide":"","footnotes":""},"categories":[25213],"tags":[42871,42873,41640,42875,34603],"location":[24328,28185],"article_type":[],"serie":[],"archives":[],"internal_archives":[],"reboot-archive":[],"class_list":["post-195356","post","type-post","status-publish","format-standard","has-post-thumbnail","hentry","category-nachhaltigkeit-de","tag-globale-erwaermung","tag-klimafaktor-wald","tag-klimaziele","tag-kohlenstoffdioxid","tag-wald","location-deutschland","location-oesterreich"],"blocksy_meta":[],"acf":{"subtitle":"","text_display_homepage":false},"author_meta":{"display_name":"Hildegard Suntinger","author_link":"https:\/\/ioplus.nl\/archive\/author\/hildegard-suntinger\/"},"featured_img":"https:\/\/ioplus.nl\/archive\/wp-content\/uploads\/2019\/11\/mountain-hiking-3415446_1920.jpg","coauthors":[],"tax_additional":{"categories":{"linked":["<a href=\"https:\/\/ioplus.nl\/archive\/de\/category\/nachhaltigkeit-de\/\" class=\"advgb-post-tax-term\">Nachhaltigkeit<\/a>"],"unlinked":["<span class=\"advgb-post-tax-term\">Nachhaltigkeit<\/span>"]},"tags":{"linked":["<a href=\"https:\/\/ioplus.nl\/archive\/de\/category\/nachhaltigkeit-de\/\" class=\"advgb-post-tax-term\">globale Erw\u00e4rmung<\/a>","<a href=\"https:\/\/ioplus.nl\/archive\/de\/category\/nachhaltigkeit-de\/\" class=\"advgb-post-tax-term\">Klimafaktor Wald<\/a>","<a href=\"https:\/\/ioplus.nl\/archive\/de\/category\/nachhaltigkeit-de\/\" class=\"advgb-post-tax-term\">Klimaziele<\/a>","<a href=\"https:\/\/ioplus.nl\/archive\/de\/category\/nachhaltigkeit-de\/\" class=\"advgb-post-tax-term\">Kohlenstoffdioxid<\/a>","<a href=\"https:\/\/ioplus.nl\/archive\/de\/category\/nachhaltigkeit-de\/\" class=\"advgb-post-tax-term\">Wald<\/a>"],"unlinked":["<span class=\"advgb-post-tax-term\">globale Erw\u00e4rmung<\/span>","<span class=\"advgb-post-tax-term\">Klimafaktor Wald<\/span>","<span class=\"advgb-post-tax-term\">Klimaziele<\/span>","<span class=\"advgb-post-tax-term\">Kohlenstoffdioxid<\/span>","<span class=\"advgb-post-tax-term\">Wald<\/span>"]}},"comment_count":"0","relative_dates":{"created":"Posted 6 years ago","modified":"Updated 6 years ago"},"absolute_dates":{"created":"Posted on November 11, 2019","modified":"Updated on November 11, 2019"},"absolute_dates_time":{"created":"Posted on November 11, 2019 8:00 am","modified":"Updated on November 11, 2019 8:00 am"},"featured_img_caption":"","series_order":"","_links":{"self":[{"href":"https:\/\/ioplus.nl\/archive\/wp-json\/wp\/v2\/posts\/195356","targetHints":{"allow":["GET"]}}],"collection":[{"href":"https:\/\/ioplus.nl\/archive\/wp-json\/wp\/v2\/posts"}],"about":[{"href":"https:\/\/ioplus.nl\/archive\/wp-json\/wp\/v2\/types\/post"}],"author":[{"embeddable":true,"href":"https:\/\/ioplus.nl\/archive\/wp-json\/wp\/v2\/users\/1688"}],"replies":[{"embeddable":true,"href":"https:\/\/ioplus.nl\/archive\/wp-json\/wp\/v2\/comments?post=195356"}],"version-history":[{"count":0,"href":"https:\/\/ioplus.nl\/archive\/wp-json\/wp\/v2\/posts\/195356\/revisions"}],"wp:featuredmedia":[{"embeddable":true,"href":"https:\/\/ioplus.nl\/archive\/wp-json\/wp\/v2\/media\/507823"}],"wp:attachment":[{"href":"https:\/\/ioplus.nl\/archive\/wp-json\/wp\/v2\/media?parent=195356"}],"wp:term":[{"taxonomy":"category","embeddable":true,"href":"https:\/\/ioplus.nl\/archive\/wp-json\/wp\/v2\/categories?post=195356"},{"taxonomy":"post_tag","embeddable":true,"href":"https:\/\/ioplus.nl\/archive\/wp-json\/wp\/v2\/tags?post=195356"},{"taxonomy":"location","embeddable":true,"href":"https:\/\/ioplus.nl\/archive\/wp-json\/wp\/v2\/location?post=195356"},{"taxonomy":"article_type","embeddable":true,"href":"https:\/\/ioplus.nl\/archive\/wp-json\/wp\/v2\/article_type?post=195356"},{"taxonomy":"serie","embeddable":true,"href":"https:\/\/ioplus.nl\/archive\/wp-json\/wp\/v2\/serie?post=195356"},{"taxonomy":"archives","embeddable":true,"href":"https:\/\/ioplus.nl\/archive\/wp-json\/wp\/v2\/archives?post=195356"},{"taxonomy":"internal_archives","embeddable":true,"href":"https:\/\/ioplus.nl\/archive\/wp-json\/wp\/v2\/internal_archives?post=195356"},{"taxonomy":"reboot-archive","embeddable":true,"href":"https:\/\/ioplus.nl\/archive\/wp-json\/wp\/v2\/reboot-archive?post=195356"}],"curies":[{"name":"wp","href":"https:\/\/api.w.org\/{rel}","templated":true}]}}