{"id":185192,"date":"2019-09-13T08:00:07","date_gmt":"2019-09-13T06:00:07","guid":{"rendered":"https:\/\/innovationorigins.com\/?p=185192"},"modified":"2019-09-13T08:00:07","modified_gmt":"2019-09-13T06:00:07","slug":"gedankentanken-will-die-welt-erobern-mit-learning-apps","status":"publish","type":"post","link":"https:\/\/ioplus.nl\/archive\/de\/gedankentanken-will-die-welt-erobern-mit-learning-apps\/","title":{"rendered":"Gedankentanken will mit Learning-Apps die Welt erobern"},"content":{"rendered":"<p>Wegen des Auftritts von Barack Obama beim \u201eWorld Leadership Summit&#8221; sorgte das K\u00f6lner Unternehmen Gedankentanken Anfang diesen Jahres f\u00fcr viel Aufsehen. Bislang war das der H\u00f6hepunkt eines Unternehmens, das seit 2012 Vortr\u00e4ge mit Menschen organisiert, die etwas zu sagen haben.<\/p>\n<p>Man kann das Unternehmen mit den \u201eTed Talks&#8221; aus den USA vergleichen. Gedankentanken ist aber viel mehr als ein Unternehmen, das nur Vortr\u00e4ge organisiert, sagt der Vorstandsvorsitzende Alexander M\u00fcller im Gespr\u00e4ch mit Innovation Origins.<\/p>\n<p>\u201eUnser Ziel ist es Menschen zu helfen, sich immer weiterzuentwickeln. In den letzten Jahren haben wir das durch mehrt\u00e4gige Sessions f\u00fcr F\u00fchrungskr\u00e4fte gemacht. In Zukunft wollen wir mit digitalen Tools f\u00fcr Alle aber auch das breite Publikum erreichen.&#8221;<\/p>\n<h3>K\u00f6nnen Sie uns mehr \u00fcber die Urspr\u00fcnge Ihres Unternehmens erz\u00e4hlen?<\/h3>\n<p>Das Unternehmen wurde 2012 gegr\u00fcndet. In dieser Anfangsphase ging es darum, eine Art deutsche Version der Ted Talks zu schaffen: eine Reihe von Vortr\u00e4gen im ganzen Land, die Menschen aus verschiedenen Teilen der Gesellschaft inspirieren. So etwas gab es in Deutschland zu diesem Zeitpunkt noch nicht.<\/p>\n<p>Unser Fokus wurde aber schon bald viel breiter. Wir kamen zu dem Schluss, dass eine einzige Vorlesung nicht ausreicht, damit Menschen wirklich etwas lernen. So entstand die Idee, Schulungen f\u00fcr F\u00fchrungskr\u00e4fte zu organisieren.<\/p>\n<figure id=\"attachment_184351\" aria-describedby=\"caption-attachment-184351\" style=\"width: 600px\" class=\"wp-caption aligncenter\"><img loading=\"lazy\" decoding=\"async\" class=\"wp-image-184351 size-medium\" src=\"https:\/\/archive.ioplus.nl\/wp-content\/uploads\/2019\/10\/Gedankentanken_Alex-600x400.jpg\" alt=\"\" width=\"600\" height=\"400\" \/><figcaption id=\"caption-attachment-184351\" class=\"wp-caption-text\">Vorstandsvorsitzender Alexander M\u00fcller<\/figcaption><\/figure>\n<h3>Wie sehen diese Schulungen aus?<\/h3>\n<p>Wir bieten verschiedene Kurse an, sowohl f\u00fcr Gruppen als auch f\u00fcr Einzelpersonen. Unser Hauptprogramm besteht jedoch aus einem einj\u00e4hrigen Gruppenunterricht, der wiederum in 12 separate halbt\u00e4gige Sitzungen unterteilt ist. W\u00e4hrend dieser Trainingseinheiten ist immer ein fester Coach anwesend und es werden Videobotschaften von 24 Experten diskutiert, die ihr Wissen mit den Teilnehmern in einem bestimmten Bereich teilen.<\/p>\n<h3>Sind die Trainings nur f\u00fcr F\u00fchrungskr\u00e4fte?<\/h3>\n<p>Die Sessions, die wir jetzt abhalten, sind es, aber unser Ziel ist es, Apps zu entwickeln, die jeder nutzen kann. Denn nicht nur Manager und Politiker haben den Wunsch, sich weiterzuentwickeln, eigentlich hat den fast jeder Mensch. Der eine will ein besseren Mensch werden, ein anderer m\u00f6chte lernen, besser mit seinen Gef\u00fchlen umzugehen, und ein Dritter will selbstbewusster handeln k\u00f6nnen. Die gro\u00dfe Frage ist, wie man so etwas organisiert. Und wir kamen schnell zu dem Schluss, dass Apps daf\u00fcr die besten M\u00f6glichkeiten bieten. Genau daran arbeiten wir gerade: die Entwicklung digitaler Tools f\u00fcr alle, die an sich selbst arbeiten wollen.<\/p>\n<figure id=\"attachment_184352\" aria-describedby=\"caption-attachment-184352\" style=\"width: 600px\" class=\"wp-caption aligncenter\"><img loading=\"lazy\" decoding=\"async\" class=\"wp-image-184352 size-medium\" src=\"https:\/\/archive.ioplus.nl\/wp-content\/uploads\/2019\/10\/Gedankentanken1-600x400.jpg\" alt=\"\" width=\"600\" height=\"400\" \/><figcaption id=\"caption-attachment-184352\" class=\"wp-caption-text\">Gedankentanken-Treffen k\u00f6nnen ziemlich gro\u00df sein<\/figcaption><\/figure>\n<h3>Ist das teuer?<\/h3>\n<p>Die Entwicklung guter Online-Tools ist sehr teuer und arbeitsintensiv. Ohne die finanzielle Unterst\u00fctzung von Holtzbrinck Ventures w\u00e4re das praktisch unm\u00f6glich gewesen.<\/p>\n<h3>Wie viel hat Holtzbrinck investiert?<\/h3>\n<p>Ich kann Ihnen keinen genauen Betrag nennen, aber es ist ein hoher siebenstelliger Betrag. Ich denke, das macht deutlich, dass sie an unsere Idee und unser Produkt glauben. Das ist eine gro\u00dfe Ehre, denn Holtzbrinck hat in der Vergangenheit in viele Start-ups wie Flixbus und Zalando investiert, die jetzt sehr gro\u00df sind.<\/p>\n<h3>Hatten Sie auch mal Zweifel, ob es gut geht?<\/h3>\n<p>Ich bin 2014 in das Unternehmen eingetreten und es war sicher nicht immer einfach. Obwohl wir st\u00e4ndig gewachsen sind, war es immer schwierig, \u00fcber die Runden zu kommen. Fast die gesamte Finanzierung musste von uns selber kommen. Geld zu verdienen, war unglaublich schwierig. Und das Schlimmste war, dass die Unternehmenskultur viel zu chaotisch war.<\/p>\n<p>2017 kam die Wende. Da haben wir alles, was wir zuvor getan haben, noch mal in Frage gestellt. Seitdem haben wir uns viel mehr auf das Thema Online konzentriert, was sich jetzt anf\u00e4ngt auszuzahlen.<\/p>\n<h3>Sie hatten diesem Jahr einen gro\u00dfen Erfolg mit einer Rede von US-Pr\u00e4sident Barack Obama. Werden wir in Zukunft mehr dieser prominenten Pers\u00f6nlichkeiten auf der B\u00fchne sehen?<\/h3>\n<p>Ich kann ihnen keine Namen nennen, aber Ja, davon k\u00f6nnen Sie ausgehen. Rein aus finanzieller Sicht ist es \u00fcbrigens nicht sehr empfehlenswert, solche Veranstaltungen zu organisieren. Man verdient nur wenig Geld damit und die Risiken sind gro\u00df. Wir machen es trotzdem, weil sie f\u00fcr uns eine M\u00f6glichkeit bieten, einen gr\u00f6\u00dferen internationalen Ruf zu erlangen. Es ist einer Art Marketingtool geworden, eines das uns \u00fcbrigens sehr viel Spa\u00df macht, und ich hoffe mit uns auch vielen Anderen.<\/p>\n","protected":false},"excerpt":{"rendered":"<p>Wegen des Auftritts von Barack Obama beim \u201eWorld Leadership Summit&#8221; sorgte das K\u00f6lner Unternehmen Gedankentanken Anfang diesen Jahres f\u00fcr viel Aufsehen. Bislang war das der H\u00f6hepunkt eines Unternehmens, das seit 2012 Vortr\u00e4ge mit Menschen organisiert, die etwas zu sagen haben. Man kann das Unternehmen mit den \u201eTed Talks&#8221; aus den USA vergleichen. Gedankentanken ist aber [&hellip;]<\/p>\n","protected":false},"author":1723,"featured_media":508146,"comment_status":"open","ping_status":"closed","sticky":false,"template":"","format":"standard","meta":{"_acf_changed":false,"advgb_blocks_editor_width":"","advgb_blocks_columns_visual_guide":"","footnotes":""},"categories":[26143,28572],"tags":[98899,93205,30973,28847,98638],"location":[24328],"article_type":[],"serie":[],"archives":[],"internal_archives":[],"reboot-archive":[],"class_list":["post-185192","post","type-post","status-publish","format-standard","has-post-thumbnail","hentry","category-digital-de","category-startups","tag-ausbildung-de","tag-digitale-services-de","tag-digitale-trends-de","tag-innovation-de-de","tag-smartphone-app-de","location-deutschland"],"blocksy_meta":[],"acf":{"subtitle":"","text_display_homepage":false},"author_meta":{"display_name":"Maurits Kuypers","author_link":"https:\/\/ioplus.nl\/archive\/author\/maurits-kuypers\/"},"featured_img":"https:\/\/ioplus.nl\/archive\/wp-content\/uploads\/2019\/10\/GEDANKENtanken2.jpg","coauthors":[],"tax_additional":{"categories":{"linked":["<a href=\"https:\/\/ioplus.nl\/archive\/en\/category\/digital-de\/\" class=\"advgb-post-tax-term\">Digital<\/a>","<a href=\"https:\/\/ioplus.nl\/archive\/en\/category\/startups\/\" class=\"advgb-post-tax-term\">Start-ups<\/a>"],"unlinked":["<span class=\"advgb-post-tax-term\">Digital<\/span>","<span class=\"advgb-post-tax-term\">Start-ups<\/span>"]},"tags":{"linked":["<a href=\"https:\/\/ioplus.nl\/archive\/en\/category\/startups\/\" class=\"advgb-post-tax-term\">Ausbildung<\/a>","<a href=\"https:\/\/ioplus.nl\/archive\/en\/category\/startups\/\" class=\"advgb-post-tax-term\">digitale Services<\/a>","<a href=\"https:\/\/ioplus.nl\/archive\/en\/category\/startups\/\" class=\"advgb-post-tax-term\">digitale Trends<\/a>","<a href=\"https:\/\/ioplus.nl\/archive\/en\/category\/startups\/\" class=\"advgb-post-tax-term\">innovation<\/a>","<a href=\"https:\/\/ioplus.nl\/archive\/en\/category\/startups\/\" class=\"advgb-post-tax-term\">Smartphone-App<\/a>"],"unlinked":["<span class=\"advgb-post-tax-term\">Ausbildung<\/span>","<span class=\"advgb-post-tax-term\">digitale Services<\/span>","<span class=\"advgb-post-tax-term\">digitale Trends<\/span>","<span class=\"advgb-post-tax-term\">innovation<\/span>","<span class=\"advgb-post-tax-term\">Smartphone-App<\/span>"]}},"comment_count":"0","relative_dates":{"created":"Posted 7 years ago","modified":"Updated 7 years ago"},"absolute_dates":{"created":"Posted on September 13, 2019","modified":"Updated on September 13, 2019"},"absolute_dates_time":{"created":"Posted on September 13, 2019 8:00 am","modified":"Updated on September 13, 2019 8:00 am"},"featured_img_caption":"","series_order":"","_links":{"self":[{"href":"https:\/\/ioplus.nl\/archive\/wp-json\/wp\/v2\/posts\/185192","targetHints":{"allow":["GET"]}}],"collection":[{"href":"https:\/\/ioplus.nl\/archive\/wp-json\/wp\/v2\/posts"}],"about":[{"href":"https:\/\/ioplus.nl\/archive\/wp-json\/wp\/v2\/types\/post"}],"author":[{"embeddable":true,"href":"https:\/\/ioplus.nl\/archive\/wp-json\/wp\/v2\/users\/1723"}],"replies":[{"embeddable":true,"href":"https:\/\/ioplus.nl\/archive\/wp-json\/wp\/v2\/comments?post=185192"}],"version-history":[{"count":0,"href":"https:\/\/ioplus.nl\/archive\/wp-json\/wp\/v2\/posts\/185192\/revisions"}],"wp:featuredmedia":[{"embeddable":true,"href":"https:\/\/ioplus.nl\/archive\/wp-json\/wp\/v2\/media\/508146"}],"wp:attachment":[{"href":"https:\/\/ioplus.nl\/archive\/wp-json\/wp\/v2\/media?parent=185192"}],"wp:term":[{"taxonomy":"category","embeddable":true,"href":"https:\/\/ioplus.nl\/archive\/wp-json\/wp\/v2\/categories?post=185192"},{"taxonomy":"post_tag","embeddable":true,"href":"https:\/\/ioplus.nl\/archive\/wp-json\/wp\/v2\/tags?post=185192"},{"taxonomy":"location","embeddable":true,"href":"https:\/\/ioplus.nl\/archive\/wp-json\/wp\/v2\/location?post=185192"},{"taxonomy":"article_type","embeddable":true,"href":"https:\/\/ioplus.nl\/archive\/wp-json\/wp\/v2\/article_type?post=185192"},{"taxonomy":"serie","embeddable":true,"href":"https:\/\/ioplus.nl\/archive\/wp-json\/wp\/v2\/serie?post=185192"},{"taxonomy":"archives","embeddable":true,"href":"https:\/\/ioplus.nl\/archive\/wp-json\/wp\/v2\/archives?post=185192"},{"taxonomy":"internal_archives","embeddable":true,"href":"https:\/\/ioplus.nl\/archive\/wp-json\/wp\/v2\/internal_archives?post=185192"},{"taxonomy":"reboot-archive","embeddable":true,"href":"https:\/\/ioplus.nl\/archive\/wp-json\/wp\/v2\/reboot-archive?post=185192"}],"curies":[{"name":"wp","href":"https:\/\/api.w.org\/{rel}","templated":true}]}}