{"id":180322,"date":"2019-08-06T18:32:02","date_gmt":"2019-08-06T16:32:02","guid":{"rendered":"https:\/\/innovationorigins.com\/?p=180322"},"modified":"2019-08-06T18:32:02","modified_gmt":"2019-08-06T16:32:02","slug":"projekt-see-meile-berlin-experimentiert-mit-selbstfahrenden-bussen-auf-oeffentlichen-strassen","status":"publish","type":"post","link":"https:\/\/ioplus.nl\/archive\/de\/projekt-see-meile-berlin-experimentiert-mit-selbstfahrenden-bussen-auf-oeffentlichen-strassen\/","title":{"rendered":"\u201eProjekt See-Meile&#8221;: Berlin experimentiert mit selbstfahrenden Bussen auf \u00f6ffentlichen Stra\u00dfen"},"content":{"rendered":"<p>Die Stra\u00dfe ist mehr oder weniger wie geschaffen daf\u00fcr: eine lange gerade Strecke von 600 Metern L\u00e4nge, mit einem Gr\u00fcnstreifen in der Mitte auf den ersten hundert Metern, der den Verkehr zum und vom Hafen sauber trennt. Viele Autos fahren dort Stra\u00dfe \u201eAm Tegeler Hafen\u201c nicht. Sie ist daher ideal f\u00fcr den ersten Berliner Test mit einem selbstfahrenden Bus auf einer \u00f6ffentlichen Stra\u00dfe.<\/p>\n<p>Nach Angaben eines Sprechers der <a href=\"https:\/\/www.bvg.de\/en\">Berliner Verkehrsbetriebe<\/a> (BVG) wurden Versuche in Deutschland bisher in kleineren St\u00e4dten und Kleinst\u00e4dten durchgef\u00fchrt. In Berlin gibt es auch zwei Pilotprojekte, bei denen autonome Busse auf dem privaten Gel\u00e4nde der Krankenh\u00e4user Charit\u00e9 und Virchow eingesetzt werden. \u201eDoch diese Versuche sind nicht zu vergleichen mit dem Projekt See-Meile auf Berlins \u00f6ffentlichen Stra\u00dfen, wo viele andere Faktoren ber\u00fccksichtigt werden m\u00fcssen.&#8221; Diese Pilotprojekte \u00e4hneln eher dem <a href=\"https:\/\/www.2getthere.eu\/first-autonomous-system\/\">ParkShuttle<\/a> in Rotterdam, das auf einer \u00f6ffentlichen Busspur f\u00e4hrt und nur wenige Kreuzungen passieren muss. Oder \u201eder People Mover&#8221;, wie die autonomen Busse auch am Flughafen Frankfurt am Main in Deutschland genannt werden.<\/p>\n<h3>EasyMile<\/h3>\n<p>Laut BVG ist dieses Projekt ziemlich einzigartig. Seit dieser Woche verkehrt der Bus zwischen der U-Bahnstation Alt-Tegel und dem Tegeler See, einem der gr\u00f6\u00dften Seen Berlins. Das Auto der franz\u00f6sischen Firma <a href=\"https:\/\/easymile.com\/\">EasyMile<\/a> kann man nur als niedlich bezeichnen. Der strahlend wei\u00dfe Kleinbus &#8211; mit sechs Sitzen und einem st\u00e4ndigen Aufsichtspersonal &#8211; f\u00e4hrt mit einer Geschwindigkeit von 15 Stundenkilometern. Denn ja, der Bus darf nicht ohne Begleitperson herumfahren. Im Bus gibt es kein Lenkrad, aber der Fahrbegleiter kann jederzeit einen Notrufknopf dr\u00fccken.<\/p>\n<figure id=\"attachment_180171\" aria-describedby=\"caption-attachment-180171\" style=\"width: 600px\" class=\"wp-caption aligncenter\"><img loading=\"lazy\" decoding=\"async\" class=\"wp-image-180171 size-medium\" src=\"https:\/\/archive.ioplus.nl\/wp-content\/uploads\/2019\/08\/DSC_0008-600x399.jpg\" alt=\"\" width=\"600\" height=\"399\" \/><figcaption id=\"caption-attachment-180171\" class=\"wp-caption-text\">Autos hinter dem EasyMile Kleinbus m\u00fcssen geduldig sein. Er f\u00e4hrt einfach nicht sehr schnell. Foto Maurits Kuypers<\/figcaption><\/figure>\n<p>Wer damit fahren m\u00f6chte, muss noch etwas l\u00e4nger warten, denn in den n\u00e4chsten Wochen werden Testlaufdaten ben\u00f6tigt, bevor die Strecke \u201ehoffentlich bis Ende dieses Monats&#8221; genutzt werden kann, hat die BVG angek\u00fcndigt.<\/p>\n<h3>Ideal f\u00fcr Senioren<\/h3>\n<p>Eine Dame in den Achtzigern, mit langen wei\u00dfen Haaren und einem breiten L\u00e4cheln im Gesicht, sagt, sie freue sich schon darauf. \u201eIn unserem Alter ist es nat\u00fcrlich gesund, zu Fu\u00df zu gehen, aber wenn man gerade eingekauft hat und dann nach Hause zur\u00fccklaufen muss, scheint der Bus ziemlich praktisch zu sein.\u201c<\/p>\n<figure id=\"attachment_180175\" aria-describedby=\"caption-attachment-180175\" style=\"width: 600px\" class=\"wp-caption aligncenter\"><img loading=\"lazy\" decoding=\"async\" class=\"wp-image-180175 size-medium\" src=\"https:\/\/archive.ioplus.nl\/wp-content\/uploads\/2019\/08\/Seemeile-600x347.jpg\" alt=\"\" width=\"600\" height=\"347\" \/><figcaption id=\"caption-attachment-180175\" class=\"wp-caption-text\">Die Route des Projekts See-Meile<\/figcaption><\/figure>\n<p>Ihrer Meinung nach gibt es viele \u00e4ltere Menschen, die entlang der Buslinie leben und, so wie sie auch, mitfahren m\u00f6chten. \u201eVor kurzem hatten wir hier ein von der BVG organisiertes Informationstreffen und es war voll. Das Interesse in der Nachbarschaft ist enorm. Und \u00fcbrigens denke ich, dass es auch f\u00fcr Touristen Spa\u00df macht&#8230;.&#8221;<\/p>\n<h3>Tegel ist mehr als nur ein Flughafen<\/h3>\n<p>Viele Niederl\u00e4nder denken vielleicht an den gleichnamigen Flughafen, wenn sie das Wort Tegel h\u00f6ren, aber Alt-Tegel ist eigentlich einer der beliebtesten Orte f\u00fcr Berliner, wenn sie im Sommer dem Trubel der Stadt entfliehen wollen. Besonders bei \u00e4lteren Menschen sind Bootsfahrten nach Werder, Potsdam und Oranienburg beliebt. Sie k\u00f6nnen aber auch entlang der Havel spazieren gehen, Tretboot fahren, Minigolf spielen oder in einem der vielen Restaurants einen Happen essen. Ein Tipp f\u00fcr die Niederl\u00e4nder: Der Bus ist kostenlos!<\/p>\n<figure id=\"attachment_180172\" aria-describedby=\"caption-attachment-180172\" style=\"width: 600px\" class=\"wp-caption aligncenter\"><img loading=\"lazy\" decoding=\"async\" class=\"wp-image-180172 size-medium\" src=\"https:\/\/archive.ioplus.nl\/wp-content\/uploads\/2019\/08\/DSC_0033-600x399.jpg\" alt=\"\" width=\"600\" height=\"399\" \/><figcaption id=\"caption-attachment-180172\" class=\"wp-caption-text\">Im Sommer machen viele Menschen einen Tagesausflug an den Tegeler See. Foto Maurits Kuypers<\/figcaption><\/figure>\n<p>Laut BVG k\u00f6nnen wir es kaum erwarten, dass der Bus n\u00e4chstes Jahr f\u00e4hrt. \u201eEs handelt sich um ein Pilotprojekt, das bis Ende dieses Jahres l\u00e4uft. Dann werden wir sehen, was der n\u00e4chste Schritt ist.&#8221;<\/p>\n<h3>Noch viele weitere Fragen<\/h3>\n<p>Ihrer Meinung nach gibt es bis dahin noch viel mehr Fragen zu beantworten. Macht es zum Beispiel wirklich Sinn, f\u00fcr diese vergleichsweise kurze Fahrt neben dem regul\u00e4ren \u00f6ffentlichen Verkehr auch einen vollautomatischen Bus zu haben? Was halten die Anwohner und Nutzer von dem Bus? Gibt es technische Hindernisse, die es zu \u00fcberwinden gilt?<\/p>\n<p>Werden solche Fragen zufriedenstellend und vollst\u00e4ndig beantwortet, so sind die M\u00f6glichkeiten f\u00fcr die BVG nicht auf diese Strecke durch Alt-Tegel beschr\u00e4nkt. Viele andere Strecken in Berlin k\u00f6nnen in Betracht kommen, auf denen der Minibus eingef\u00fchrt werden k\u00f6nnte. Die Technologie ist bereits sehr gut, sagt die BVG. Der Kleinbus darf nicht sehr schnell fahren, dennoch h\u00e4lt die Batterie 10 Stunden. Und durch den Einsatz der sogenannten \u201eLidarsensoren&#8221; ist die Sicherheit optimal gew\u00e4hrleistet. Alles, was noch zu tun bleibt, ist, die anf\u00e4nglichen Probleme zu beseitigen.<\/p>\n<p>Mehr Artikel zum Thema autonomes Fahren gibt es <a href=\"https:\/\/innovationorigins.com\/de\/?s=autonom\">HIER.<\/a><\/p>\n","protected":false},"excerpt":{"rendered":"<p>Die Stra\u00dfe ist mehr oder weniger wie geschaffen daf\u00fcr: eine lange gerade Strecke von 600 Metern L\u00e4nge, mit einem Gr\u00fcnstreifen in der Mitte auf den ersten hundert Metern, der den Verkehr zum und vom Hafen sauber trennt. Viele Autos fahren dort Stra\u00dfe \u201eAm Tegeler Hafen\u201c nicht. Sie ist daher ideal f\u00fcr den ersten Berliner Test [&hellip;]<\/p>\n","protected":false},"author":1723,"featured_media":509442,"comment_status":"open","ping_status":"closed","sticky":false,"template":"","format":"standard","meta":{"_acf_changed":false,"advgb_blocks_editor_width":"","advgb_blocks_columns_visual_guide":"","footnotes":""},"categories":[24626],"tags":[91162,95794,98362,44500],"location":[24328],"article_type":[],"serie":[],"archives":[],"internal_archives":[],"reboot-archive":[],"class_list":["post-180322","post","type-post","status-publish","format-standard","has-post-thumbnail","hentry","category-mobilitaet","tag-autonomes-fahren-de","tag-berlin-de-de","tag-oeffentlicher-nahverkehr-de","tag-selbstfahrende-autos-de","location-deutschland"],"blocksy_meta":[],"acf":{"subtitle":"","text_display_homepage":false},"author_meta":{"display_name":"Maurits Kuypers","author_link":"https:\/\/ioplus.nl\/archive\/author\/maurits-kuypers\/"},"featured_img":"https:\/\/ioplus.nl\/archive\/wp-content\/uploads\/2019\/08\/DSC_0040.jpg","coauthors":[],"tax_additional":{"categories":{"linked":["<a href=\"https:\/\/ioplus.nl\/archive\/en\/category\/mobilitaet\/\" class=\"advgb-post-tax-term\">Mobilit\u00e4t<\/a>"],"unlinked":["<span class=\"advgb-post-tax-term\">Mobilit\u00e4t<\/span>"]},"tags":{"linked":["<a href=\"https:\/\/ioplus.nl\/archive\/en\/category\/mobilitaet\/\" class=\"advgb-post-tax-term\">Autonomes Fahren<\/a>","<a href=\"https:\/\/ioplus.nl\/archive\/en\/category\/mobilitaet\/\" class=\"advgb-post-tax-term\">Berlin<\/a>","<a href=\"https:\/\/ioplus.nl\/archive\/en\/category\/mobilitaet\/\" class=\"advgb-post-tax-term\">\u00f6ffentlicher Nahverkehr<\/a>","<a href=\"https:\/\/ioplus.nl\/archive\/en\/category\/mobilitaet\/\" class=\"advgb-post-tax-term\">selbstfahrende Autos<\/a>"],"unlinked":["<span class=\"advgb-post-tax-term\">Autonomes Fahren<\/span>","<span class=\"advgb-post-tax-term\">Berlin<\/span>","<span class=\"advgb-post-tax-term\">\u00f6ffentlicher Nahverkehr<\/span>","<span class=\"advgb-post-tax-term\">selbstfahrende Autos<\/span>"]}},"comment_count":"0","relative_dates":{"created":"Posted 7 years ago","modified":"Updated 7 years ago"},"absolute_dates":{"created":"Posted on August 6, 2019","modified":"Updated on August 6, 2019"},"absolute_dates_time":{"created":"Posted on August 6, 2019 6:32 pm","modified":"Updated on August 6, 2019 6:32 pm"},"featured_img_caption":"","series_order":"","_links":{"self":[{"href":"https:\/\/ioplus.nl\/archive\/wp-json\/wp\/v2\/posts\/180322","targetHints":{"allow":["GET"]}}],"collection":[{"href":"https:\/\/ioplus.nl\/archive\/wp-json\/wp\/v2\/posts"}],"about":[{"href":"https:\/\/ioplus.nl\/archive\/wp-json\/wp\/v2\/types\/post"}],"author":[{"embeddable":true,"href":"https:\/\/ioplus.nl\/archive\/wp-json\/wp\/v2\/users\/1723"}],"replies":[{"embeddable":true,"href":"https:\/\/ioplus.nl\/archive\/wp-json\/wp\/v2\/comments?post=180322"}],"version-history":[{"count":0,"href":"https:\/\/ioplus.nl\/archive\/wp-json\/wp\/v2\/posts\/180322\/revisions"}],"wp:featuredmedia":[{"embeddable":true,"href":"https:\/\/ioplus.nl\/archive\/wp-json\/wp\/v2\/media\/509442"}],"wp:attachment":[{"href":"https:\/\/ioplus.nl\/archive\/wp-json\/wp\/v2\/media?parent=180322"}],"wp:term":[{"taxonomy":"category","embeddable":true,"href":"https:\/\/ioplus.nl\/archive\/wp-json\/wp\/v2\/categories?post=180322"},{"taxonomy":"post_tag","embeddable":true,"href":"https:\/\/ioplus.nl\/archive\/wp-json\/wp\/v2\/tags?post=180322"},{"taxonomy":"location","embeddable":true,"href":"https:\/\/ioplus.nl\/archive\/wp-json\/wp\/v2\/location?post=180322"},{"taxonomy":"article_type","embeddable":true,"href":"https:\/\/ioplus.nl\/archive\/wp-json\/wp\/v2\/article_type?post=180322"},{"taxonomy":"serie","embeddable":true,"href":"https:\/\/ioplus.nl\/archive\/wp-json\/wp\/v2\/serie?post=180322"},{"taxonomy":"archives","embeddable":true,"href":"https:\/\/ioplus.nl\/archive\/wp-json\/wp\/v2\/archives?post=180322"},{"taxonomy":"internal_archives","embeddable":true,"href":"https:\/\/ioplus.nl\/archive\/wp-json\/wp\/v2\/internal_archives?post=180322"},{"taxonomy":"reboot-archive","embeddable":true,"href":"https:\/\/ioplus.nl\/archive\/wp-json\/wp\/v2\/reboot-archive?post=180322"}],"curies":[{"name":"wp","href":"https:\/\/api.w.org\/{rel}","templated":true}]}}