{"id":178771,"date":"2019-07-24T08:00:25","date_gmt":"2019-07-24T06:00:25","guid":{"rendered":"https:\/\/innovationorigins.com\/?p=178771"},"modified":"2019-07-24T08:00:25","modified_gmt":"2019-07-24T06:00:25","slug":"investitionen-in-forschung-koennen-wirtschaftskrisen-gegensteuern","status":"publish","type":"post","link":"https:\/\/ioplus.nl\/archive\/de\/investitionen-in-forschung-koennen-wirtschaftskrisen-gegensteuern\/","title":{"rendered":"Investitionen in Forschung k\u00f6nnen Wirtschaftskrisen gegensteuern"},"content":{"rendered":"<p>In Wirtschaftskrisen hat ein kleines Land in der Eurozone kaum Spielraum, gegenzusteuern. Volkswirte an der <em>Universit\u00e4t Klagenfurt<\/em> rechneten verschiedene budgetpolitische Strategien durch, um die wirksamsten zu finden.<\/p>\n<p>Wie die Politik auf Wirtschaftskrisen reagieren soll, ist selbst in der Wissenschaft umstritten. Zuletzt widmete sich ein Team von Volkswirten dieser Frage. Forschende um <a href=\"https:\/\/www.aau.at\/volkswirtschaftslehre\/team\/neck-reinhard\/\"><em>Reinhard Neck<\/em> <\/a>an der <a href=\"https:\/\/www.aau.at\/\"><em>Universit\u00e4t Klagenfurt<\/em><\/a> verglichen acht Strategien, um die beste budgetpolitische Ma\u00dfnahme zum Abfedern der Folgen einer Wirtschaftskrise in einem kleinen Eurozonenland zu ermitteln. Modellfall f\u00fcr kleine L\u00e4nder in der Eurozone war Slowenien \u2013 ehemals das erste kommunistische Land, das der <em>Europ\u00e4ischen Union<\/em> beitrat (2004) und auch das erste, das den Euro \u00fcbernahm. Zudem erlebte Slowenien die Wirtschafts- und Finanzkrise ab 2009 bereits als Eurozonenland.<\/p>\n<h3>Budgetpolitische Ma\u00dfnahmen<\/h3>\n<p>In der Eurozone werden geldpolitische Gr\u00f6\u00dfen von der <a href=\"https:\/\/europa.eu\/european-union\/about-eu\/institutions-bodies\/european-central-bank_de\"><em>Europ\u00e4ischen Zentralbank<\/em><\/a> in Frankfurt bestimmt. Die L\u00e4nder k\u00f6nnen daran nichts \u00e4ndern, erkl\u00e4rt Projektleiter <em>Neck<\/em>. Zitat: \u201eEs kann also nur budgetpolitische Anpassungen geben, durch \u00c4nderungen auf Seite der Einnahmen oder durch Ver\u00e4nderungen der Staatsausgaben.\u201c \u00dcblicherweise werden die Staatsausgaben in Krisen erh\u00f6ht und die Steuern gesenkt. Die Erh\u00f6hung der Staatsausgaben schafft automatisch Nachfrage und die Bev\u00f6lkerung kann mehr konsumieren.<\/p>\n<h3>Geringe Wirkung nationaler Instrumente<\/h3>\n<p>Das Team um<em> Neck<\/em> rechnete acht Modelle durch, um herauszufinden, welche Ausgaben erh\u00f6ht und welche Steuern gesenkt werden sollen. Wichtigster Befund war eine au\u00dfergew\u00f6hnlich geringe Wirkung nationaler Instrumente auf Sloweniens Volkswirtschaft. <em>Neck<\/em> ortet den Grund daf\u00fcr in der Offenheit der slowenischen Volkswirtschaft, die von vielen internationalen Beziehungen sowie Importen und Exporten gepr\u00e4gt ist. Auch gibt es keine eigenst\u00e4ndige Geldpolitik mehr. Dennoch gibt es Instrumente, die besser wirken als andere.<\/p>\n<h3>Bildungs- und Forschungsausgaben erh\u00f6hen<\/h3>\n<p>Ausgaben f\u00fcr Forschung und Entwicklung sind relativ starke Multiplikatoren und haben praktisch keine Nebenwirkungen. Vielmehr k\u00f6nnen Nebenwirkungen positiv sein. \u201eDer Schuldenstand kann sich unter bestimmten Umst\u00e4nden trotz erh\u00f6hter Ausgaben verringern\u201c, erkl\u00e4rt <em>Neck<\/em>. Ein \u00e4hnlicher, wenn auch etwas schw\u00e4cherer Effekt zeigt sich bei Ausgaben f\u00fcr Bildung. Wenn ein gr\u00f6\u00dferer Anteil der Bev\u00f6lkerung Zugang zu einer terti\u00e4ren Ausbildung bekommt, sind die Effekte ebenfalls positiv.<\/p>\n<blockquote><p>\u201eDass Investitionen in Forschung und Bildung langfristig positive Effekte haben, ist schon l\u00e4nger bekannt. Neu ist, dass diese Investitionen auch kurzfristig die beste Wirkung von allen budgetpolitischen Ma\u00dfnahmen auf Produktion und Einkommen haben.\u201c Reinhard Neck<\/p><\/blockquote>\n<p>&nbsp;<\/p>\n<h3>Lohn- und Einkommenssteuer senken<\/h3>\n<p>Auf Seiten der Einnahmen zeigte sich ein positiver Effekt durch die Senkung von Lohn- und Einkommenssteuer sowie die Reduktion von Sozialversicherungsbeitr\u00e4gen. Ma\u00dfnahmen, die \u00fcber eine h\u00f6here Mehrwertsteuer gegenfinanziert werden k\u00f6nnen. Diese Erh\u00f6hung hat so gut wie keine negativen Effekte auf die Besch\u00e4ftigung, so der Forscher.<\/p>\n<h3>Simulation von wirtschaftspolitischen Aktionen<\/h3>\n<p>Das Rechenverfahren, welches das Team anwendete, l\u00e4uft unter der Bezeichnung <em>SLOPOL10<\/em> und wurde zur Simulation von wirtschaftspolitischen Aktionen entwickelt. Neck verwendete das Modell schon in fr\u00fcheren Projekten. Nach Wartungen und Updates in der Vergangenheit, wurde es im aktuellen Projekt einem totalen Relaunch unterzogen.<\/p>\n<h3>Modell f\u00fcr zuk\u00fcnftige Beitrittsl\u00e4nder<\/h3>\n<p>Slowenien ist Modell f\u00fcr L\u00e4nder, die der Eurozone in absehbarer Zeit beitreten wollen, wie etwa Bosnien, Serbien, Montenegro und andere.<\/p>\n<p>Auch f\u00fcr \u00d6sterreich sei der Fall Slowenien interessant. Hier diskutiere man immer noch auf dem Niveau von 1936. Damals nahm man an, dass die Wirtschaft mit h\u00f6heren Staatsausgaben zu retten sei. Das sei jedoch nur begrenzt der Fall, wie der Forscher anmerkt. Zitat:\u201cJe kleiner eine Volkswirtschaft ist, desto weniger M\u00f6glichkeiten hat die Budgetpolitik.\u201c<\/p>\n<p>Das Projekt wurde in Kooperation mit Forschungsgruppen aus Ljubljana durchgef\u00fchrt. Ein Teil der Finanzierung wurde von der Slowenischen Forschungsagentur <a href=\"https:\/\/www.arrs.si\/en\/\"><em>ARRS<\/em><\/a> geleistet, ein Teil vom Wissenschaftsfonds (<a href=\"https:\/\/www.fwf.ac.at\/\"><em>FWF<\/em><\/a>)<\/p>\n<h3>\u00dcber Reinhard Neck<\/h3>\n<p><em>Reinhard Neck<\/em> ist seit 1997 Universit\u00e4tslehrer f\u00fcr Volkswirtschaftslehre an der <em>Universit\u00e4t Klagenfurt, <\/em>wo er Vorstand des <a href=\"https:\/\/www.aau.at\/volkswirtschaftslehre\/\"><em>Instituts f\u00fcr Volkswirtschaftslehre<\/em><\/a> ist. Zuletzt war er Gastprofessor beziehungsweise Research Fellow an der <a href=\"https:\/\/www.uni-lj.si\/eng\/about_university_of_ljubljana.aspx\"><em>Universit\u00e4t Ljubljana<\/em><\/a>, an der <a href=\"https:\/\/www.stanford.edu\/\"><em>Stanford University<\/em><\/a> und an der <a href=\"https:\/\/www.universityofcalifornia.edu\/\"><em>University of California<\/em><\/a> in Berkeley. Er hat bereits vierzig B\u00fccher und dreihundert Artikel ver\u00f6ffentlicht. Seine Forschungsschwerpunkte sind unter anderem Volkswirtschaftspolitik, Finanzwissenschaft und Wirtschaftsethik.<\/p>\n<p><strong>Publikationen<\/strong><\/p>\n<p><em>Blueschke, K. Weyerstra\u00df, R. Neck, B. Majcen, A. Srakar und M. Verbi\u010d: B<a href=\"https:\/\/www.tandfonline.com\/doi\/full\/10.1080\/14631377.2018.1537735\">udget Consolidation in a Small Open Economy: A Case Study for Slovenia<\/a>, in: Post-Communist Economies 31:3, 2019<\/em><br \/>\n<em>Weyerstra\u00df, R. Neck, D. Bl\u00fcschke, B. Majcen, A. Srakar und M. Verbi\u010d: <a href=\"http:\/\/ojs.ebrjournal.net\/ojs\/index.php\/ebr\/article\/download\/644\/pdf_102\">SLOPOL10: A Macroeconometric Model for Slovenia<\/a>, in: Economic and Business Review 20, 2018 (pdf)<\/em><br \/>\n<em>Neck, K. Weyerstra\u00df, D. Bl\u00fcschke, B. Majcen, A. Srakar, M. Verbi\u010d: <a href=\"https:\/\/link.springer.com\/article\/10.1007\/s11294-018-9678-8\">How to Achieve the Take-off into Sustained Growth? A Case Study for Slovenia<\/a>, in: International Advances in Economic Research 24, 2018<\/em><\/p>\n<p>&nbsp;<\/p>\n<h3>Auch interessant:<\/h3>\n<p class=\"entry-title\"><a href=\"https:\/\/innovationorigins.com\/de\/osterreich-will-zu-den-innovativsten-forschungslandern-zahlen\/\">\u00d6sterreich will zu den innovativsten Forschungsl\u00e4ndern z\u00e4hlen<\/a><\/p>\n<p>&nbsp;<\/p>\n","protected":false},"excerpt":{"rendered":"<p>In Wirtschaftskrisen hat ein kleines Land in der Eurozone kaum Spielraum, gegenzusteuern. Volkswirte an der Universit\u00e4t Klagenfurt rechneten verschiedene budgetpolitische Strategien durch, um die wirksamsten zu finden. Wie die Politik auf Wirtschaftskrisen reagieren soll, ist selbst in der Wissenschaft umstritten. Zuletzt widmete sich ein Team von Volkswirten dieser Frage. Forschende um Reinhard Neck an der [&hellip;]<\/p>\n","protected":false},"author":1688,"featured_media":510702,"comment_status":"open","ping_status":"closed","sticky":false,"template":"","format":"standard","meta":{"_acf_changed":false,"advgb_blocks_editor_width":"","advgb_blocks_columns_visual_guide":"","footnotes":""},"categories":[25213],"tags":[37817,37820,37822],"location":[24328,24073,28185],"article_type":[],"serie":[],"archives":[],"internal_archives":[],"reboot-archive":[],"class_list":["post-178771","post","type-post","status-publish","format-standard","has-post-thumbnail","hentry","category-nachhaltigkeit-de","tag-budgetpolitik","tag-volkswirtschaft","tag-wirtschaftskrise","location-deutschland","location-niederlande","location-oesterreich"],"blocksy_meta":[],"acf":{"subtitle":"","text_display_homepage":false},"author_meta":{"display_name":"Hildegard Suntinger","author_link":"https:\/\/ioplus.nl\/archive\/author\/hildegard-suntinger\/"},"featured_img":"https:\/\/ioplus.nl\/archive\/wp-content\/uploads\/2019\/07\/c-Pixabay-_-Gerd-Altmann.jpg","coauthors":[],"tax_additional":{"categories":{"linked":["<a href=\"https:\/\/ioplus.nl\/archive\/de\/category\/nachhaltigkeit-de\/\" class=\"advgb-post-tax-term\">Nachhaltigkeit<\/a>"],"unlinked":["<span class=\"advgb-post-tax-term\">Nachhaltigkeit<\/span>"]},"tags":{"linked":["<a href=\"https:\/\/ioplus.nl\/archive\/de\/category\/nachhaltigkeit-de\/\" class=\"advgb-post-tax-term\">Budgetpolitik<\/a>","<a href=\"https:\/\/ioplus.nl\/archive\/de\/category\/nachhaltigkeit-de\/\" class=\"advgb-post-tax-term\">Volkswirtschaft<\/a>","<a href=\"https:\/\/ioplus.nl\/archive\/de\/category\/nachhaltigkeit-de\/\" class=\"advgb-post-tax-term\">Wirtschaftskrise<\/a>"],"unlinked":["<span class=\"advgb-post-tax-term\">Budgetpolitik<\/span>","<span class=\"advgb-post-tax-term\">Volkswirtschaft<\/span>","<span class=\"advgb-post-tax-term\">Wirtschaftskrise<\/span>"]}},"comment_count":"0","relative_dates":{"created":"Posted 7 years ago","modified":"Updated 7 years ago"},"absolute_dates":{"created":"Posted on July 24, 2019","modified":"Updated on July 24, 2019"},"absolute_dates_time":{"created":"Posted on July 24, 2019 8:00 am","modified":"Updated on July 24, 2019 8:00 am"},"featured_img_caption":"","series_order":"","_links":{"self":[{"href":"https:\/\/ioplus.nl\/archive\/wp-json\/wp\/v2\/posts\/178771","targetHints":{"allow":["GET"]}}],"collection":[{"href":"https:\/\/ioplus.nl\/archive\/wp-json\/wp\/v2\/posts"}],"about":[{"href":"https:\/\/ioplus.nl\/archive\/wp-json\/wp\/v2\/types\/post"}],"author":[{"embeddable":true,"href":"https:\/\/ioplus.nl\/archive\/wp-json\/wp\/v2\/users\/1688"}],"replies":[{"embeddable":true,"href":"https:\/\/ioplus.nl\/archive\/wp-json\/wp\/v2\/comments?post=178771"}],"version-history":[{"count":0,"href":"https:\/\/ioplus.nl\/archive\/wp-json\/wp\/v2\/posts\/178771\/revisions"}],"wp:featuredmedia":[{"embeddable":true,"href":"https:\/\/ioplus.nl\/archive\/wp-json\/wp\/v2\/media\/510702"}],"wp:attachment":[{"href":"https:\/\/ioplus.nl\/archive\/wp-json\/wp\/v2\/media?parent=178771"}],"wp:term":[{"taxonomy":"category","embeddable":true,"href":"https:\/\/ioplus.nl\/archive\/wp-json\/wp\/v2\/categories?post=178771"},{"taxonomy":"post_tag","embeddable":true,"href":"https:\/\/ioplus.nl\/archive\/wp-json\/wp\/v2\/tags?post=178771"},{"taxonomy":"location","embeddable":true,"href":"https:\/\/ioplus.nl\/archive\/wp-json\/wp\/v2\/location?post=178771"},{"taxonomy":"article_type","embeddable":true,"href":"https:\/\/ioplus.nl\/archive\/wp-json\/wp\/v2\/article_type?post=178771"},{"taxonomy":"serie","embeddable":true,"href":"https:\/\/ioplus.nl\/archive\/wp-json\/wp\/v2\/serie?post=178771"},{"taxonomy":"archives","embeddable":true,"href":"https:\/\/ioplus.nl\/archive\/wp-json\/wp\/v2\/archives?post=178771"},{"taxonomy":"internal_archives","embeddable":true,"href":"https:\/\/ioplus.nl\/archive\/wp-json\/wp\/v2\/internal_archives?post=178771"},{"taxonomy":"reboot-archive","embeddable":true,"href":"https:\/\/ioplus.nl\/archive\/wp-json\/wp\/v2\/reboot-archive?post=178771"}],"curies":[{"name":"wp","href":"https:\/\/api.w.org\/{rel}","templated":true}]}}