{"id":167908,"date":"2019-04-17T09:35:21","date_gmt":"2019-04-17T07:35:21","guid":{"rendered":"https:\/\/innovationorigins.com\/?p=167908"},"modified":"2019-04-17T09:35:21","modified_gmt":"2019-04-17T07:35:21","slug":"innogy-verdoppelt-anzahl-von-elektroautos-in-polen","status":"publish","type":"post","link":"https:\/\/ioplus.nl\/archive\/de\/innogy-verdoppelt-anzahl-von-elektroautos-in-polen\/","title":{"rendered":"Innogy verdoppelt Anzahl von Elektroautos in Polen"},"content":{"rendered":"<p>Zugegeben: Polen ist nicht gerade als gr\u00fcnes EU-Land bekannt. Doch dank des deutschen Energieriesen Innogy k\u00f6nnte sich das bald \u00e4ndern. Denn die RWE-Tochtergesellschaft startet im April ein Projekt mit 500 BMW i3 in Warschau. Gleichzeitig verdoppelt Innogy auch die Anzahl der Ladestationen in der polnischen Hauptstadt von 30 auf 60 St\u00fcck. Zudem verspricht das Unternehmen in den n\u00e4chsten zwei Jahren, in Zusammenarbeit mit einer polnischen Bank sowie der Warschauer Stadtverwaltung, mehrere hundert weitere hinzuzuf\u00fcgen.<\/p>\n<p>\u201eAls Vorreiter f\u00fcr Elektromobilit\u00e4t treibt Innogy das Thema auch international voran\u201c, so Vorstandsmitglied Martin Herrmann in einer Pressemitteilung und er f\u00fcgt hinzu: \u201e\u2026Mit diesem richtungsweisenden Projekt machen wir die umweltfreundliche Elektromobilit\u00e4t f\u00fcr alle erlebbar.\u201c Nach Angaben eines Innogy-Sprechers wird das Projekt zun\u00e4chst nur in Warschau umgesetzt: \u201eIn anderen mitteleurop\u00e4ischen L\u00e4ndern haben wir vorerst keine Pl\u00e4ne dieser Gr\u00f6\u00dfenordnung. Was wir jedoch tun, ist \u2012 beispielsweise Unternehmen in der Tschechischen Republik \u2012, Konzepte f\u00fcr E-Autos anzubieten.\u201c<\/p>\n<h3>Norwegen an der Spitze<\/h3>\n<p>F\u00fcr Polen bedeutet das Projekt Innogy einen enormen Fortschritt in der Elektromobilit\u00e4t. Das Land lag Ende 2018 mit nur 625 lizenzierten Elektroautos im Vergleich mit dem europ\u00e4ischen Umfeld weit zur\u00fcck. Zwar wird mit den 500 BMW i3s diese Zahl nun auf einen Schlag fast verdoppelt, doch liegt Polen in punkto Elektromobilit\u00e4t in Europa immer noch am unteren Ende der Skala. So waren beispielsweise im Jahre 2018 in Deutschland mehr als 36.000 Elektroautos im Umlauf, in den Niederlanden 24.000 und in Norwegen sogar mehr als 46.000.<\/p>\n<h3>10 Prozent elektrisch betriebener Carsharing-Autos in Deutschland<\/h3>\n<p>Am Beispiel Deutschland ist zu erkennen, dass durch Carsharing die E-Mobilit\u00e4t angekurbelt werden kann. Immerhin werden rund 10 Prozent der mehr als 20.000 deutschen Gemeinschaftswagen durch E-Motoren als Hybrid oder ganz elektrisch angetrieben. Der <a href=\"https:\/\/carsharing.de\/\">Deutsche Carsharing Verband<\/a> erkl\u00e4rt diesen hohen Prozentsatz damit, dass die 2,46 Millionen Carsharing-Kunden experimentierfreudiger sind als der typische Auto-Besitzer in Deutschland.<\/p>\n<p>In den Niederlanden ist der Anteil der Elektroautos beim Carsharing etwas geringer. Nach den neuesten Zahlen der Organisation CROW-KpVV gab es Anfang 2018 41.000 Gemeinschaftswagen, von denen 6,4 Prozent zur H\u00e4lfte als Plug-ins oder ganz elektrisch betrieben waren.<\/p>\n<figure id=\"attachment_167804\" aria-describedby=\"caption-attachment-167804\" style=\"width: 600px\" class=\"wp-caption aligncenter\"><img loading=\"lazy\" decoding=\"async\" class=\"size-medium wp-image-167804\" src=\"https:\/\/archive.ioplus.nl\/wp-content\/uploads\/2019\/03\/STA02-laden-bei-aldi-sued-600x225.jpg\" alt=\"\" width=\"600\" height=\"225\" \/><figcaption id=\"caption-attachment-167804\" class=\"wp-caption-text\">Ladestation bei Aldi mit Innogy-Technologie \u00a9 Innogy<\/figcaption><\/figure>\n<h3>Innogy bei Infrastruktur vorn<\/h3>\n<p>In Bezug auf E-Fahrzeuge ist Innogy in Deutschland nur ein kleiner Akteur. Mit insgesamt 20 Autos ist der Essener Konzern weit von den Marktf\u00fchrern Daimler und BMW \u2012 die mit ihrer Fusionskombination Car2Go und Drive Now weltweit 20.000 Fahrzeuge betreiben \u2012 entfernt. Doch ist Innogy mit 7500 Ladestationen von denen ca. 3500 privat und etwa 4000 \u00f6ffentlich sind, Marktf\u00fchrer in der deutschen Infrastruktur.<\/p>\n<p>Die begrenzte Anzahl von \u00f6ffentlichen Ladestationen wird in der BRD oft als Hindernis f\u00fcr den Durchbruch des Elektroautos angesehen. Ende letzten Jahres verf\u00fcgte das gesamte Land \u00fcber insgesamt 16.100 Ladestationen. Es wird erwartet, dass diese Zahl in den kommenden Jahren aufgrund verschiedener neuer Initiativen noch rasant steigen wird.<\/p>\n<p>So bauen zum Beispiel die Supermarktketten Lidl und Aldi in Deutschland eine eigene Ladeinfrastruktur auf. Zudem wartet man gespannt darauf, was Volkswagen mit seiner eigens gegr\u00fcndeten Tochtergesellschaft Elli machen wird. Auch gibt es gro\u00dfe Pl\u00e4ne von Weltunternehmen wie Shell \u2012 mit der Tochtergesellschaft New Motion \u2012, und Charge Point. Letzteres ist ein Start-up, das von gro\u00dfen deutschen Unternehmen wie Siemens, Daimler und BMW unterst\u00fctzt wird.<\/p>\n<p>Nach Angaben der <a href=\"http:\/\/nationale-plattform-elektromobilitaet.de\/\" target=\"_blank\" rel=\"noopener noreferrer\">Nationalen Plattform Elektromobilit\u00e4t (NPE)<\/a> sind diese Initiativen dringend erforderlich. Das Beratungsunternehmen geht davon aus, dass Deutschland bis 2022 die Grenze von einer Million Elektroautos \u00fcberschreiten wird. Da f\u00fcr je zehn Autos etwa eine Ladestation ben\u00f6tigt wird, bedeutet dies, dass es in drei Jahren etwa 100.000 Ladestationen geben sollte.<\/p>\n","protected":false},"excerpt":{"rendered":"<p>Zugegeben: Polen ist nicht gerade als gr\u00fcnes EU-Land bekannt. Doch dank des deutschen Energieriesen Innogy k\u00f6nnte sich das bald \u00e4ndern. Denn die RWE-Tochtergesellschaft startet im April ein Projekt mit 500 BMW i3 in Warschau. Gleichzeitig verdoppelt Innogy auch die Anzahl der Ladestationen in der polnischen Hauptstadt von 30 auf 60 St\u00fcck. Zudem verspricht das Unternehmen [&hellip;]<\/p>\n","protected":false},"author":1723,"featured_media":507302,"comment_status":"open","ping_status":"closed","sticky":false,"template":"","format":"standard","meta":{"_acf_changed":false,"advgb_blocks_editor_width":"","advgb_blocks_columns_visual_guide":"","footnotes":""},"categories":[23253],"tags":[33163],"location":[24328,24073,28187],"article_type":[],"serie":[],"archives":[],"internal_archives":[],"reboot-archive":[],"class_list":["post-167908","post","type-post","status-publish","format-standard","has-post-thumbnail","hentry","category-nachhaltigkeit","tag-elektroautos","location-deutschland","location-niederlande","location-polen-de"],"blocksy_meta":[],"acf":{"subtitle":"","text_display_homepage":false},"author_meta":{"display_name":"Maurits Kuypers","author_link":"https:\/\/ioplus.nl\/archive\/author\/maurits-kuypers\/"},"featured_img":"https:\/\/ioplus.nl\/archive\/wp-content\/uploads\/2019\/03\/19-03-12-innogy_go.jpg","coauthors":[],"tax_additional":{"categories":{"linked":["<a href=\"https:\/\/ioplus.nl\/archive\/en\/category\/nachhaltigkeit\/\" class=\"advgb-post-tax-term\">Nachhaltigkeit<\/a>"],"unlinked":["<span class=\"advgb-post-tax-term\">Nachhaltigkeit<\/span>"]},"tags":{"linked":["<a href=\"https:\/\/ioplus.nl\/archive\/en\/category\/nachhaltigkeit\/\" class=\"advgb-post-tax-term\">Elektroautos<\/a>"],"unlinked":["<span class=\"advgb-post-tax-term\">Elektroautos<\/span>"]}},"comment_count":"0","relative_dates":{"created":"Posted 7 years ago","modified":"Updated 7 years ago"},"absolute_dates":{"created":"Posted on April 17, 2019","modified":"Updated on April 17, 2019"},"absolute_dates_time":{"created":"Posted on April 17, 2019 9:35 am","modified":"Updated on April 17, 2019 9:35 am"},"featured_img_caption":"","series_order":"","_links":{"self":[{"href":"https:\/\/ioplus.nl\/archive\/wp-json\/wp\/v2\/posts\/167908","targetHints":{"allow":["GET"]}}],"collection":[{"href":"https:\/\/ioplus.nl\/archive\/wp-json\/wp\/v2\/posts"}],"about":[{"href":"https:\/\/ioplus.nl\/archive\/wp-json\/wp\/v2\/types\/post"}],"author":[{"embeddable":true,"href":"https:\/\/ioplus.nl\/archive\/wp-json\/wp\/v2\/users\/1723"}],"replies":[{"embeddable":true,"href":"https:\/\/ioplus.nl\/archive\/wp-json\/wp\/v2\/comments?post=167908"}],"version-history":[{"count":0,"href":"https:\/\/ioplus.nl\/archive\/wp-json\/wp\/v2\/posts\/167908\/revisions"}],"wp:featuredmedia":[{"embeddable":true,"href":"https:\/\/ioplus.nl\/archive\/wp-json\/wp\/v2\/media\/507302"}],"wp:attachment":[{"href":"https:\/\/ioplus.nl\/archive\/wp-json\/wp\/v2\/media?parent=167908"}],"wp:term":[{"taxonomy":"category","embeddable":true,"href":"https:\/\/ioplus.nl\/archive\/wp-json\/wp\/v2\/categories?post=167908"},{"taxonomy":"post_tag","embeddable":true,"href":"https:\/\/ioplus.nl\/archive\/wp-json\/wp\/v2\/tags?post=167908"},{"taxonomy":"location","embeddable":true,"href":"https:\/\/ioplus.nl\/archive\/wp-json\/wp\/v2\/location?post=167908"},{"taxonomy":"article_type","embeddable":true,"href":"https:\/\/ioplus.nl\/archive\/wp-json\/wp\/v2\/article_type?post=167908"},{"taxonomy":"serie","embeddable":true,"href":"https:\/\/ioplus.nl\/archive\/wp-json\/wp\/v2\/serie?post=167908"},{"taxonomy":"archives","embeddable":true,"href":"https:\/\/ioplus.nl\/archive\/wp-json\/wp\/v2\/archives?post=167908"},{"taxonomy":"internal_archives","embeddable":true,"href":"https:\/\/ioplus.nl\/archive\/wp-json\/wp\/v2\/internal_archives?post=167908"},{"taxonomy":"reboot-archive","embeddable":true,"href":"https:\/\/ioplus.nl\/archive\/wp-json\/wp\/v2\/reboot-archive?post=167908"}],"curies":[{"name":"wp","href":"https:\/\/api.w.org\/{rel}","templated":true}]}}