{"id":165051,"date":"2019-02-05T09:00:56","date_gmt":"2019-02-05T08:00:56","guid":{"rendered":"https:\/\/innovationorigins.com\/?p=165051"},"modified":"2019-02-05T09:00:56","modified_gmt":"2019-02-05T08:00:56","slug":"cpdp-betont-die-bedeutung-eines-guten-datenschutzes","status":"publish","type":"post","link":"https:\/\/ioplus.nl\/archive\/de\/cpdp-betont-die-bedeutung-eines-guten-datenschutzes\/","title":{"rendered":"CPDP betont die Bedeutung eines guten Datenschutzes"},"content":{"rendered":"<p>So leise wie m\u00f6glich rutschen die letzten Menschen in die gro\u00dfe Halle, klopfen den nassen Schnee von ihren M\u00e4nteln, trinken einen Schluck Kaffee und rutschen auf ihren St\u00fchlen. Auf der R\u00fcckseite der Grande Halle in Les Halles in Br\u00fcssel schl\u00e4gt der Pagenmann seine laute Glocke. So beginnt der letzte Tag des CPDP, eines internationalen Kongresses in Br\u00fcssel zum Thema Computer, Datenschutz, Datensicherheit (<a href=\"https:\/\/www.cpdpconferences.org\/\">CPDP<\/a>).\u00a0Das Thema dieser zw\u00f6lften Ausgabe war Datenschutz und Demokratie. \u201eDaten sind so weit verbreitet, dass wir sie einfach nicht vermeiden k\u00f6nnen&#8221;, sagt Paul de Hert, Pr\u00e4sident der CPDP-Plattform und Mitglied der Freien Universit\u00e4t Br\u00fcssel. \u201eIn der Pflege, im Finanzsektor und bei den Wahlen. Es ist \u00fcberall. Deshalb ist es so wichtig, mit Experten aus all diesen verschiedenen Bereichen dar\u00fcber zu sprechen, was mit Daten gemacht wird und welche neuen Technologien daraus resultieren. Aber wir betrachten auch das Gesamtbild. Welche Auswirkungen haben all diese Daten und Technologien? Hier betonen wir, dass ein guter Datenschutz ein wesentlicher Bestandteil unserer demokratischen Gesellschaft ist.&#8221;<\/p>\n<p>Drei Tage lang besuchten mehr als 1.500 Teilnehmer aus aller Welt die belgische Hauptstadt zu diesem Kongress. In sechs S\u00e4len h\u00f6rten sie mindestens 400 Redner, die mit ihnen \u00fcber Daten und Datenschutz diskutierten: von der Gestaltung der Technologie, \u00fcber die Gestaltung der Gesetzgebung, bis hin zu allen Konsequenzen f\u00fcr die Menschenrechte und die Gesellschaft. Das Publikum ist so breit vertreten wie die behandelten Themen. Gruppen von Studenten, die nach den Vorlesungen sofort ein Bier an der Bar trinken. Politische Entscheidungstr\u00e4ger oder Unternehmer, die durch die Korridore laufen und mit Anrufen besch\u00e4ftigt sind. Wissenschaftler, die nach jeder Podiumsdiskussion Stunden mit der Materie verbringen wollen. Dazwischen stehen Menschenrechtsaktivisten mit blau gef\u00e4rbtem Haar oder Nasenpiercing. Und wo man ganze Abs\u00e4tze aus Codes h\u00f6rt, wei\u00df man: Anw\u00e4lte. Wer sollte in dieser Liste (Stereo-)Typisierung sicherlich nicht fehlen? Die Kapuzenpullover mit komplett vollgeklebten Laptops in der Rolle von Datenanalysten oder Technologieentwicklern.<\/p>\n<p><img decoding=\"async\" src=\"https:\/\/archive.ioplus.nl\/wp-content\/uploads\/2019\/02\/CPDP2016-workspace-3-600x388.jpg\" \/><\/p>\n<p>Was machen diese verschiedenen Menschen hier und was lernen sie? Eine kleine Auswahl aus dem Rohr:<\/p>\n<h3>STUDENT:<\/h3>\n<p>Olga Glinicka macht in Leiden einen Master in V\u00f6lkerrecht und ist durch Zufall hierher gekommen: \u201eIch ersetze einen Kommilitonen. Er studiert Jura und digitale Technologien, sie sind hier mit dem gesamten Master. Es ist f\u00fcr mich interessant, hier einen Blick auf die praktische Seite des Gesetzes zu werfen. So komme ich vom akademischen Umfeld der Universit\u00e4t weg. Ich komme auch mit Menschen in Kontakt, die gut in Technik sind. Ich treffe diese Art von Menschen nicht sehr oft durch meinen Master. Nur Leute mit der gleichen Perspektive wie ich gehen dorthin. Es ist gut, es aus verschiedenen Blickwinkeln zu betrachten.&#8221;<\/p>\n<p><strong>Was ist die wichtigste Lektion dieser drei Tage?<\/strong><br \/>\n\u201eIch finde es schwer, das zu sagen. Es ist nicht unbedingt eine Botschaft, aber ich habe gelernt, dass es gut ist, \u00f6fter \u00fcber die eigene Perspektive und Komfortzone hinauszuschauen. Das f\u00fchrt zu einer anderen Sicht der Dinge.&#8221;<\/p>\n<h3>LEHRER\/AKTIVIST\/ANWALT:<\/h3>\n<p>Wer in den obigen K\u00e4sten nicht so einfach aufgef\u00fchrt ist, ist Marc Rotenberg. Er unterrichtet an der Georgetown Law School in Washington und ist Gr\u00fcnder des Electronical Privacy Information Center (<a href=\"https:\/\/epic.org\/\">EPIC<\/a>), einer B\u00fcrgerrechtsbewegung, die sich f\u00fcr mehr digitale Rechte in den USA einsetzt. Rotenberg beginnt sofort, \u00fcber den gr\u00f6\u00dften Sieg von EPIC zu sprechen: die Verhinderung von Pr\u00e4sident Trump, der von den W\u00e4hlern in f\u00fcnfzig Staaten Stimmdaten anfordern wollte. \u201eDie Privatsph\u00e4re ist in den USA kein Grundrecht, so wie in Europa. Es ist ein umstrittenes Gebiet, in dem noch viele \u00c4nderungen erforderlich sind. Solche Siege tragen dazu bei&#8221;, sagt er stolz.<\/p>\n<p>In diesem Jahr ist er bereits zum zehnten Mal nach Br\u00fcssel gekommen. \u201eIch finde es immer besonders, wie begeistert die Menschen hier sind. Es gibt eine sehr offene Atmosph\u00e4re, in der Menschen offen miteinander diskutieren k\u00f6nnen. Sie sind nicht immer einverstanden, aber das ist Teil einer gesunden Demokratie.&#8221; Rotenberg zeigt auch, dass es ihn inspiriert, dass all diese verschiedenen Disziplinen zusammenkommen. Es gibt ihm neue Erkenntnisse und Ideen. Und auch inhaltlich, sagt er, sei alles sehr gut geregelt.<\/p>\n<p><strong>Warum ist es so wichtig, diese Themen zu diskutieren?<\/strong><br \/>\n\u201eDer technologische Wandel vollzieht sich sehr schnell, oft so schnell, dass die Gesetzgebung oder die Rechte des Datenschutzes hinter ihnen zur\u00fcckbleiben. Besonders in diesen Zeiten mit KI-Systemen. Immer mehr wird automatisch durchgef\u00fchrt. Ich glaube nicht, dass es sich um einen Kampf um Sieg oder Niederlage handelt, aber es geht um die Zukunft und wie wir wollen, dass sie aussieht. Und es liegt noch einige Arbeit vor uns. Die KI ergreift immer mehr Macht, nicht nur im privaten Sektor, sondern auch in \u00f6ffentlichen Institutionen wie der Regierung. Ich mache mir manchmal Sorgen dar\u00fcber.&#8221;<\/p>\n","protected":false},"excerpt":{"rendered":"<p>So leise wie m\u00f6glich rutschen die letzten Menschen in die gro\u00dfe Halle, klopfen den nassen Schnee von ihren M\u00e4nteln, trinken einen Schluck Kaffee und rutschen auf ihren St\u00fchlen. Auf der R\u00fcckseite der Grande Halle in Les Halles in Br\u00fcssel schl\u00e4gt der Pagenmann seine laute Glocke. So beginnt der letzte Tag des CPDP, eines internationalen Kongresses [&hellip;]<\/p>\n","protected":false},"author":1579,"featured_media":510522,"comment_status":"open","ping_status":"closed","sticky":false,"template":"","format":"standard","meta":{"_acf_changed":false,"advgb_blocks_editor_width":"","advgb_blocks_columns_visual_guide":"","footnotes":""},"categories":[23253],"tags":[30733,30516],"location":[24073],"article_type":[],"serie":[],"archives":[],"internal_archives":[],"reboot-archive":[],"class_list":["post-165051","post","type-post","status-publish","format-standard","has-post-thumbnail","hentry","category-nachhaltigkeit","tag-datenschutz","tag-privacy-de","location-niederlande"],"blocksy_meta":[],"acf":{"subtitle":"","text_display_homepage":false},"author_meta":{"display_name":"Milan Lenters","author_link":"https:\/\/ioplus.nl\/archive\/author\/milan-lenters\/"},"featured_img":"https:\/\/ioplus.nl\/archive\/wp-content\/uploads\/2019\/02\/20190130_135503.jpg","coauthors":[],"tax_additional":{"categories":{"linked":["<a href=\"https:\/\/ioplus.nl\/archive\/en\/category\/nachhaltigkeit\/\" class=\"advgb-post-tax-term\">Nachhaltigkeit<\/a>"],"unlinked":["<span class=\"advgb-post-tax-term\">Nachhaltigkeit<\/span>"]},"tags":{"linked":["<a href=\"https:\/\/ioplus.nl\/archive\/en\/category\/nachhaltigkeit\/\" class=\"advgb-post-tax-term\">Datenschutz<\/a>","<a href=\"https:\/\/ioplus.nl\/archive\/en\/category\/nachhaltigkeit\/\" class=\"advgb-post-tax-term\">privacy<\/a>"],"unlinked":["<span class=\"advgb-post-tax-term\">Datenschutz<\/span>","<span class=\"advgb-post-tax-term\">privacy<\/span>"]}},"comment_count":"0","relative_dates":{"created":"Posted 7 years ago","modified":"Updated 7 years ago"},"absolute_dates":{"created":"Posted on February 5, 2019","modified":"Updated on February 5, 2019"},"absolute_dates_time":{"created":"Posted on February 5, 2019 9:00 am","modified":"Updated on February 5, 2019 9:00 am"},"featured_img_caption":"","series_order":"","_links":{"self":[{"href":"https:\/\/ioplus.nl\/archive\/wp-json\/wp\/v2\/posts\/165051","targetHints":{"allow":["GET"]}}],"collection":[{"href":"https:\/\/ioplus.nl\/archive\/wp-json\/wp\/v2\/posts"}],"about":[{"href":"https:\/\/ioplus.nl\/archive\/wp-json\/wp\/v2\/types\/post"}],"author":[{"embeddable":true,"href":"https:\/\/ioplus.nl\/archive\/wp-json\/wp\/v2\/users\/1579"}],"replies":[{"embeddable":true,"href":"https:\/\/ioplus.nl\/archive\/wp-json\/wp\/v2\/comments?post=165051"}],"version-history":[{"count":0,"href":"https:\/\/ioplus.nl\/archive\/wp-json\/wp\/v2\/posts\/165051\/revisions"}],"wp:featuredmedia":[{"embeddable":true,"href":"https:\/\/ioplus.nl\/archive\/wp-json\/wp\/v2\/media\/510522"}],"wp:attachment":[{"href":"https:\/\/ioplus.nl\/archive\/wp-json\/wp\/v2\/media?parent=165051"}],"wp:term":[{"taxonomy":"category","embeddable":true,"href":"https:\/\/ioplus.nl\/archive\/wp-json\/wp\/v2\/categories?post=165051"},{"taxonomy":"post_tag","embeddable":true,"href":"https:\/\/ioplus.nl\/archive\/wp-json\/wp\/v2\/tags?post=165051"},{"taxonomy":"location","embeddable":true,"href":"https:\/\/ioplus.nl\/archive\/wp-json\/wp\/v2\/location?post=165051"},{"taxonomy":"article_type","embeddable":true,"href":"https:\/\/ioplus.nl\/archive\/wp-json\/wp\/v2\/article_type?post=165051"},{"taxonomy":"serie","embeddable":true,"href":"https:\/\/ioplus.nl\/archive\/wp-json\/wp\/v2\/serie?post=165051"},{"taxonomy":"archives","embeddable":true,"href":"https:\/\/ioplus.nl\/archive\/wp-json\/wp\/v2\/archives?post=165051"},{"taxonomy":"internal_archives","embeddable":true,"href":"https:\/\/ioplus.nl\/archive\/wp-json\/wp\/v2\/internal_archives?post=165051"},{"taxonomy":"reboot-archive","embeddable":true,"href":"https:\/\/ioplus.nl\/archive\/wp-json\/wp\/v2\/reboot-archive?post=165051"}],"curies":[{"name":"wp","href":"https:\/\/api.w.org\/{rel}","templated":true}]}}